{"id":954,"date":"2022-10-25T09:43:59","date_gmt":"2022-10-25T09:43:59","guid":{"rendered":"https:\/\/www.maratonmartinfiz.com\/2-000-kirolari-baino-gehiago-urdinez-jantzi-ziren-19a-ospatzeko-martin-fiz-maratoiaren-edizioa\/"},"modified":"2022-11-07T10:05:30","modified_gmt":"2022-11-07T10:05:30","slug":"2-000-kirolari-baino-gehiago-urdinez-jantzi-ziren-19a-ospatzeko-martin-fiz-maratoiaren-edizioa","status":"publish","type":"post","link":"https:\/\/www.maratonmartinfiz.com\/eus\/2-000-kirolari-baino-gehiago-urdinez-jantzi-ziren-19a-ospatzeko-martin-fiz-maratoiaren-edizioa\/","title":{"rendered":"2.000 kirolari baino gehiago urdinez jantzi ziren 19a ospatzeko. Martin Fiz Maratoiaren edizioa"},"content":{"rendered":"<div data-elementor-type=\"wp-post\" data-elementor-id=\"954\" class=\"elementor elementor-954\" data-elementor-settings=\"{&quot;ha_cmc_init_switcher&quot;:&quot;no&quot;}\">\n\t\t\t\t\t\t<section class=\"elementor-section elementor-top-section elementor-element elementor-element-a89913b elementor-section-boxed elementor-section-height-default elementor-section-height-default\" data-id=\"a89913b\" data-element_type=\"section\" data-settings=\"{&quot;_ha_eqh_enable&quot;:false}\">\n\t\t\t\t\t\t<div class=\"elementor-container elementor-column-gap-default\">\n\t\t\t\t\t<div class=\"elementor-column elementor-col-100 elementor-top-column elementor-element elementor-element-891367c\" data-id=\"891367c\" data-element_type=\"column\">\n\t\t\t<div class=\"elementor-widget-wrap elementor-element-populated\">\n\t\t\t\t\t\t<div class=\"elementor-element elementor-element-fc3ce4c elementor-widget elementor-widget-image\" data-id=\"fc3ce4c\" data-element_type=\"widget\" data-widget_type=\"image.default\">\n\t\t\t\t<div class=\"elementor-widget-container\">\n\t\t\t\t\t\t\t\t\t\t\t\t\t\t\t<img fetchpriority=\"high\" decoding=\"async\" width=\"1024\" height=\"683\" src=\"https:\/\/www.maratonmartinfiz.com\/wp-content\/uploads\/2022\/10\/Eneritz-Iraola-1024x683.jpeg\" class=\"attachment-large size-large wp-image-741\" alt=\"\" srcset=\"https:\/\/www.maratonmartinfiz.com\/wp-content\/uploads\/2022\/10\/Eneritz-Iraola-1024x683.jpeg 1024w, https:\/\/www.maratonmartinfiz.com\/wp-content\/uploads\/2022\/10\/Eneritz-Iraola-300x200.jpeg 300w, https:\/\/www.maratonmartinfiz.com\/wp-content\/uploads\/2022\/10\/Eneritz-Iraola-768x512.jpeg 768w, https:\/\/www.maratonmartinfiz.com\/wp-content\/uploads\/2022\/10\/Eneritz-Iraola-1536x1024.jpeg 1536w, https:\/\/www.maratonmartinfiz.com\/wp-content\/uploads\/2022\/10\/Eneritz-Iraola-2048x1365.jpeg 2048w\" sizes=\"(max-width: 1024px) 100vw, 1024px\" \/>\t\t\t\t\t\t\t\t\t\t\t\t\t\t\t<\/div>\n\t\t\t\t<\/div>\n\t\t\t\t\t<\/div>\n\t\t<\/div>\n\t\t\t\t\t<\/div>\n\t\t<\/section>\n\t\t\t\t<section class=\"elementor-section elementor-top-section elementor-element elementor-element-2593469d elementor-section-boxed elementor-section-height-default elementor-section-height-default\" data-id=\"2593469d\" data-element_type=\"section\" data-settings=\"{&quot;_ha_eqh_enable&quot;:false}\">\n\t\t\t\t\t\t<div class=\"elementor-container elementor-column-gap-default\">\n\t\t\t\t\t<div class=\"elementor-column elementor-col-100 elementor-top-column elementor-element elementor-element-d3f46a6\" data-id=\"d3f46a6\" data-element_type=\"column\">\n\t\t\t<div class=\"elementor-widget-wrap elementor-element-populated\">\n\t\t\t\t\t\t<div class=\"elementor-element elementor-element-7938697f elementor-widget elementor-widget-text-editor\" data-id=\"7938697f\" data-element_type=\"widget\" data-widget_type=\"text-editor.default\">\n\t\t\t\t<div class=\"elementor-widget-container\">\n\t\t\t\t\t\t\t\t\t\n<p><strong><em>Ander Barrio 2:35:24 denboran txapeldun aldarrikatzen da. Emakumezkoen kategorian Eneritz Iraolak irabazi zuen 3:19:55eko denborarekin.<\/em><\/strong><\/p>\n\n\n\n<p>Korrika jaialdiaren edizio berri bat hasi zen egun bakarrean eta 4 distantziarekin gaur 19.a ospatzeko urdinez jantzi diren 2.000 kirolari baino gehiagoren zain. Mart\u00edn Fiz Maratoiaren edizioa. Goizeko 8:30ean, Cervantes pasealekuak harrera egin die TotalEnergies Vitoria-Gasteiz Marat\u00f3n Mart\u00edn Fiz-ek eskaintzen dituen distantzia ezberdinetako kilometroei aurre egiteko prest dauden kirolariei: 42k, 21k eta 10k.<br><br><strong>10k \u2013 Lasterketa herrikoia<\/strong><br>Bi kategorietan aurreikuspenak bete dira. Helmuga zeharkatu zuen lehen korrikalaria izan zen&nbsp;<strong>Paul Benedikto,<\/strong>&nbsp; azken edizioko irabazlea 42k distantzian. 0:30:25ean gelditu du erlojua, aurreko edizioko marka 2 minutu baino gehiago hobetuz. Segundo batzuk geroago, 2. postuan, gipuzkoarra heldu zen helmugara&nbsp;<strong>David Martin<\/strong>&nbsp; 0:30:56 denborarekin. Hirugarren postuan, gipuzkoarra ere,&nbsp;<strong>Alberto Bellosillo<\/strong>&nbsp; 0:31:28ko denboran osatu zituen 10k.<\/p>\n\n\n\n<p>Emakumezkoen sailkapenean,&nbsp;<strong>Pilar Moran<\/strong>&nbsp; 10 km-ko distantzian lehen emakumea izan da 0:36:28ko denborarekin, 2021eko marka ere hobetuz. Gasteiztarra Zaira Acedo etorri ostean 0:38:28, podiuma itxi zuten nafarrek.&nbsp;<strong>Cristina Alfaro<\/strong>&nbsp; 0:40:18 denborarekin.<\/p>\n\n\n\n<p><strong>21k \u2013 Maratoi Erdia<\/strong><br>Gizonezkoen podiuma osatu da&nbsp;<strong>Borja Abecia<\/strong>&nbsp; 1:09:54 denborarekin,&nbsp;<strong>Gustavo Gil<\/strong>&nbsp; (1:10:08) eta&nbsp;<strong>Thomas Schuh<\/strong>&nbsp; 1:10:21 Erresuma Batutik.<\/p>\n\n\n\n<p>Kantauriarra&nbsp;<strong>Sara Trelles<\/strong>&nbsp; 1:26:49 denboran lortu du garaipena. Bere atzetik korrikalaria&nbsp;<strong>Maria Teresa Inigo<\/strong>&nbsp; 1:29:24an zeharkatu zuen helmuga.&nbsp;<strong>Ines Martinez<\/strong>&nbsp; podiuma itxi zuen 1:29:50ean.<br><br><br><strong>42k \u2013Maratoia<\/strong><br><strong>ander auzoa<\/strong>&nbsp; Faborito bezala hasi nintzen eta horrela izan da. Erregina proba 2:35:25ean konkistatu du, Mart\u00edn Fiz TotalEnergies Gasteizko maratoiko txapeldun berria izendatuz, bizkaitarra utzita.&nbsp; <strong>Juan Carrascal<\/strong>&nbsp; (02:37:38) bigarren postuan. Podiuma itxi egin da&nbsp;<strong>Tonin Blanco<\/strong>&nbsp; 02:39:58 denboran.<br><br><br>Emakumezkoetan, lehena izan da 42.195 kilometroak&nbsp;<strong>Eneritz Iraola<\/strong>&nbsp; 3:20:57ko denboran eta gasteiztar publikoaren babesa sentitu dela adierazi du. Bigarren postuan,&nbsp;<strong>susana lopez<\/strong>&nbsp; 03:23:58an amaitu da. Hirugarren postua izan da&nbsp;<strong>Lourdes Alonso<\/strong>&nbsp; 03:36:40.<\/p>\n\t\t\t\t\t\t\t\t<\/div>\n\t\t\t\t<\/div>\n\t\t\t\t\t<\/div>\n\t\t<\/div>\n\t\t\t\t\t<\/div>\n\t\t<\/section>\n\t\t\t\t<\/div>","protected":false},"excerpt":{"rendered":"<p>Ander Barrio 2:35:24 denboran txapeldun aldarrikatzen da. Emakumezkoen kategorian Eneritz Iraolak irabazi zuen 3:19:55eko denborarekin.<\/p>","protected":false},"author":1,"featured_media":741,"comment_status":"closed","ping_status":"closed","sticky":false,"template":"elementor_header_footer","format":"standard","meta":{"om_disable_all_campaigns":false,"_monsterinsights_skip_tracking":false,"_monsterinsights_sitenote_active":false,"_monsterinsights_sitenote_note":"","_monsterinsights_sitenote_category":0,"site-sidebar-layout":"default","site-content-layout":"","ast-site-content-layout":"","site-content-style":"default","site-sidebar-style":"default","ast-global-header-display":"","ast-banner-title-visibility":"","ast-main-header-display":"","ast-hfb-above-header-display":"","ast-hfb-below-header-display":"","ast-hfb-mobile-header-display":"","site-post-title":"","ast-breadcrumbs-content":"","ast-featured-img":"","footer-sml-layout":"","theme-transparent-header-meta":"","adv-header-id-meta":"","stick-header-meta":"","header-above-stick-meta":"","header-main-stick-meta":"","header-below-stick-meta":"","astra-migrate-meta-layouts":"default","ast-page-background-enabled":"default","ast-page-background-meta":{"desktop":{"background-color":"var(--ast-global-color-4)","background-image":"","background-repeat":"repeat","background-position":"center center","background-size":"auto","background-attachment":"scroll","background-type":"","background-media":"","overlay-type":"","overlay-color":"","overlay-opacity":"","overlay-gradient":""},"tablet":{"background-color":"","background-image":"","background-repeat":"repeat","background-position":"center center","background-size":"auto","background-attachment":"scroll","background-type":"","background-media":"","overlay-type":"","overlay-color":"","overlay-opacity":"","overlay-gradient":""},"mobile":{"background-color":"","background-image":"","background-repeat":"repeat","background-position":"center center","background-size":"auto","background-attachment":"scroll","background-type":"","background-media":"","overlay-type":"","overlay-color":"","overlay-opacity":"","overlay-gradient":""}},"ast-content-background-meta":{"desktop":{"background-color":"var(--ast-global-color-5)","background-image":"","background-repeat":"repeat","background-position":"center center","background-size":"auto","background-attachment":"scroll","background-type":"","background-media":"","overlay-type":"","overlay-color":"","overlay-opacity":"","overlay-gradient":""},"tablet":{"background-color":"var(--ast-global-color-5)","background-image":"","background-repeat":"repeat","background-position":"center center","background-size":"auto","background-attachment":"scroll","background-type":"","background-media":"","overlay-type":"","overlay-color":"","overlay-opacity":"","overlay-gradient":""},"mobile":{"background-color":"var(--ast-global-color-5)","background-image":"","background-repeat":"repeat","background-position":"center center","background-size":"auto","background-attachment":"scroll","background-type":"","background-media":"","overlay-type":"","overlay-color":"","overlay-opacity":"","overlay-gradient":""}},"footnotes":""},"categories":[14],"tags":[],"class_list":["post-954","post","type-post","status-publish","format-standard","has-post-thumbnail","hentry","category-sailkatu-gabe"],"yoast_head":"<!-- This site is optimized with the Yoast SEO plugin v27.5 - https:\/\/yoast.com\/product\/yoast-seo-wordpress\/ -->\n<title>2.000 kirolari baino gehiago urdinez jantzi ziren 19a ospatzeko. Martin Fiz Maratoiaren edizioa - MARAT\u00d3N MART\u00cdN FIZ<\/title>\n<meta name=\"robots\" content=\"index, follow, max-snippet:-1, max-image-preview:large, max-video-preview:-1\" \/>\n<link rel=\"canonical\" href=\"https:\/\/www.maratonmartinfiz.com\/eus\/eu\/2-000-kirolari-baino-gehiago-urdinez-jantzi-ziren-19a-ospatzeko-martin-fiz-maratoiaren-edizioa\/\" \/>\n<meta property=\"og:locale\" content=\"en_US\" \/>\n<meta property=\"og:type\" content=\"article\" \/>\n<meta property=\"og:title\" content=\"2.000 kirolari baino gehiago urdinez jantzi ziren 19a ospatzeko. Martin Fiz Maratoiaren edizioa - MARAT\u00d3N MART\u00cdN FIZ\" \/>\n<meta property=\"og:description\" content=\"Ander Barrio 2:35:24 denboran txapeldun aldarrikatzen da. Emakumezkoen kategorian Eneritz Iraolak irabazi zuen 3:19:55eko denborarekin.\" \/>\n<meta property=\"og:url\" content=\"https:\/\/www.maratonmartinfiz.com\/eus\/eu\/2-000-kirolari-baino-gehiago-urdinez-jantzi-ziren-19a-ospatzeko-martin-fiz-maratoiaren-edizioa\/\" \/>\n<meta property=\"og:site_name\" content=\"MARAT\u00d3N MART\u00cdN FIZ\" \/>\n<meta property=\"article:published_time\" content=\"2022-10-25T09:43:59+00:00\" \/>\n<meta property=\"article:modified_time\" content=\"2022-11-07T10:05:30+00:00\" \/>\n<meta property=\"og:image\" content=\"https:\/\/www.maratonmartinfiz.com\/wp-content\/uploads\/2022\/10\/Eneritz-Iraola-scaled.jpeg\" \/>\n\t<meta property=\"og:image:width\" content=\"2560\" \/>\n\t<meta property=\"og:image:height\" content=\"1707\" \/>\n\t<meta property=\"og:image:type\" content=\"image\/jpeg\" \/>\n<meta name=\"author\" content=\"admin\" \/>\n<meta name=\"twitter:card\" content=\"summary_large_image\" \/>\n<meta name=\"twitter:label1\" content=\"Written by\" \/>\n\t<meta name=\"twitter:data1\" content=\"admin\" \/>\n\t<meta name=\"twitter:label2\" content=\"Est. reading time\" \/>\n\t<meta name=\"twitter:data2\" content=\"1 minutua\" \/>\n<script type=\"application\/ld+json\" class=\"yoast-schema-graph\">{\"@context\":\"https:\\\/\\\/schema.org\",\"@graph\":[{\"@type\":\"Article\",\"@id\":\"https:\\\/\\\/www.maratonmartinfiz.com\\\/eu\\\/2-000-kirolari-baino-gehiago-urdinez-jantzi-ziren-19a-ospatzeko-martin-fiz-maratoiaren-edizioa\\\/#article\",\"isPartOf\":{\"@id\":\"https:\\\/\\\/www.maratonmartinfiz.com\\\/eu\\\/2-000-kirolari-baino-gehiago-urdinez-jantzi-ziren-19a-ospatzeko-martin-fiz-maratoiaren-edizioa\\\/\"},\"author\":{\"name\":\"admin\",\"@id\":\"https:\\\/\\\/www.maratonmartinfiz.com\\\/#\\\/schema\\\/person\\\/359a5dad59c12f959ee473c07dda3d74\"},\"headline\":\"2.000 kirolari baino gehiago urdinez jantzi ziren 19a ospatzeko. Martin Fiz Maratoiaren edizioa\",\"datePublished\":\"2022-10-25T09:43:59+00:00\",\"dateModified\":\"2022-11-07T10:05:30+00:00\",\"mainEntityOfPage\":{\"@id\":\"https:\\\/\\\/www.maratonmartinfiz.com\\\/eu\\\/2-000-kirolari-baino-gehiago-urdinez-jantzi-ziren-19a-ospatzeko-martin-fiz-maratoiaren-edizioa\\\/\"},\"wordCount\":305,\"publisher\":{\"@id\":\"https:\\\/\\\/www.maratonmartinfiz.com\\\/#organization\"},\"image\":{\"@id\":\"https:\\\/\\\/www.maratonmartinfiz.com\\\/eu\\\/2-000-kirolari-baino-gehiago-urdinez-jantzi-ziren-19a-ospatzeko-martin-fiz-maratoiaren-edizioa\\\/#primaryimage\"},\"thumbnailUrl\":\"https:\\\/\\\/www.maratonmartinfiz.com\\\/wp-content\\\/uploads\\\/2022\\\/10\\\/Eneritz-Iraola-scaled.jpeg\",\"articleSection\":[\"sailkatu gabe\"],\"inLanguage\":\"eu\"},{\"@type\":\"WebPage\",\"@id\":\"https:\\\/\\\/www.maratonmartinfiz.com\\\/eu\\\/2-000-kirolari-baino-gehiago-urdinez-jantzi-ziren-19a-ospatzeko-martin-fiz-maratoiaren-edizioa\\\/\",\"url\":\"https:\\\/\\\/www.maratonmartinfiz.com\\\/eu\\\/2-000-kirolari-baino-gehiago-urdinez-jantzi-ziren-19a-ospatzeko-martin-fiz-maratoiaren-edizioa\\\/\",\"name\":\"2.000 kirolari baino gehiago urdinez jantzi ziren 19a ospatzeko. Martin Fiz Maratoiaren edizioa - MARAT\u00d3N MART\u00cdN FIZ\",\"isPartOf\":{\"@id\":\"https:\\\/\\\/www.maratonmartinfiz.com\\\/#website\"},\"primaryImageOfPage\":{\"@id\":\"https:\\\/\\\/www.maratonmartinfiz.com\\\/eu\\\/2-000-kirolari-baino-gehiago-urdinez-jantzi-ziren-19a-ospatzeko-martin-fiz-maratoiaren-edizioa\\\/#primaryimage\"},\"image\":{\"@id\":\"https:\\\/\\\/www.maratonmartinfiz.com\\\/eu\\\/2-000-kirolari-baino-gehiago-urdinez-jantzi-ziren-19a-ospatzeko-martin-fiz-maratoiaren-edizioa\\\/#primaryimage\"},\"thumbnailUrl\":\"https:\\\/\\\/www.maratonmartinfiz.com\\\/wp-content\\\/uploads\\\/2022\\\/10\\\/Eneritz-Iraola-scaled.jpeg\",\"datePublished\":\"2022-10-25T09:43:59+00:00\",\"dateModified\":\"2022-11-07T10:05:30+00:00\",\"breadcrumb\":{\"@id\":\"https:\\\/\\\/www.maratonmartinfiz.com\\\/eu\\\/2-000-kirolari-baino-gehiago-urdinez-jantzi-ziren-19a-ospatzeko-martin-fiz-maratoiaren-edizioa\\\/#breadcrumb\"},\"inLanguage\":\"eu\",\"potentialAction\":[{\"@type\":\"ReadAction\",\"target\":[\"https:\\\/\\\/www.maratonmartinfiz.com\\\/eu\\\/2-000-kirolari-baino-gehiago-urdinez-jantzi-ziren-19a-ospatzeko-martin-fiz-maratoiaren-edizioa\\\/\"]}]},{\"@type\":\"ImageObject\",\"inLanguage\":\"eu\",\"@id\":\"https:\\\/\\\/www.maratonmartinfiz.com\\\/eu\\\/2-000-kirolari-baino-gehiago-urdinez-jantzi-ziren-19a-ospatzeko-martin-fiz-maratoiaren-edizioa\\\/#primaryimage\",\"url\":\"https:\\\/\\\/www.maratonmartinfiz.com\\\/wp-content\\\/uploads\\\/2022\\\/10\\\/Eneritz-Iraola-scaled.jpeg\",\"contentUrl\":\"https:\\\/\\\/www.maratonmartinfiz.com\\\/wp-content\\\/uploads\\\/2022\\\/10\\\/Eneritz-Iraola-scaled.jpeg\",\"width\":2560,\"height\":1707},{\"@type\":\"BreadcrumbList\",\"@id\":\"https:\\\/\\\/www.maratonmartinfiz.com\\\/eu\\\/2-000-kirolari-baino-gehiago-urdinez-jantzi-ziren-19a-ospatzeko-martin-fiz-maratoiaren-edizioa\\\/#breadcrumb\",\"itemListElement\":[{\"@type\":\"ListItem\",\"position\":1,\"name\":\"Portada\",\"item\":\"https:\\\/\\\/www.maratonmartinfiz.com\\\/\"},{\"@type\":\"ListItem\",\"position\":2,\"name\":\"2.000 kirolari baino gehiago urdinez jantzi ziren 19a ospatzeko. Martin Fiz Maratoiaren edizioa\"}]},{\"@type\":\"WebSite\",\"@id\":\"https:\\\/\\\/www.maratonmartinfiz.com\\\/#website\",\"url\":\"https:\\\/\\\/www.maratonmartinfiz.com\\\/\",\"name\":\"MARAT\u00d3N MART\u00cdN FIZ\",\"description\":\"Elproex Marat\u00f3n Mart\u00edn Fiz Vitoria-Gasteiz\",\"publisher\":{\"@id\":\"https:\\\/\\\/www.maratonmartinfiz.com\\\/#organization\"},\"potentialAction\":[{\"@type\":\"SearchAction\",\"target\":{\"@type\":\"EntryPoint\",\"urlTemplate\":\"https:\\\/\\\/www.maratonmartinfiz.com\\\/?s={search_term_string}\"},\"query-input\":{\"@type\":\"PropertyValueSpecification\",\"valueRequired\":true,\"valueName\":\"search_term_string\"}}],\"inLanguage\":\"eu\"},{\"@type\":\"Organization\",\"@id\":\"https:\\\/\\\/www.maratonmartinfiz.com\\\/#organization\",\"name\":\"MARAT\u00d3N MART\u00cdN FIZ\",\"url\":\"https:\\\/\\\/www.maratonmartinfiz.com\\\/\",\"logo\":{\"@type\":\"ImageObject\",\"inLanguage\":\"eu\",\"@id\":\"https:\\\/\\\/www.maratonmartinfiz.com\\\/#\\\/schema\\\/logo\\\/image\\\/\",\"url\":\"https:\\\/\\\/www.maratonmartinfiz.com\\\/wp-content\\\/uploads\\\/2022\\\/10\\\/cropped-cropped-8.png\",\"contentUrl\":\"https:\\\/\\\/www.maratonmartinfiz.com\\\/wp-content\\\/uploads\\\/2022\\\/10\\\/cropped-cropped-8.png\",\"width\":512,\"height\":276,\"caption\":\"MARAT\u00d3N MART\u00cdN FIZ\"},\"image\":{\"@id\":\"https:\\\/\\\/www.maratonmartinfiz.com\\\/#\\\/schema\\\/logo\\\/image\\\/\"}},{\"@type\":\"Person\",\"@id\":\"https:\\\/\\\/www.maratonmartinfiz.com\\\/#\\\/schema\\\/person\\\/359a5dad59c12f959ee473c07dda3d74\",\"name\":\"admin\",\"image\":{\"@type\":\"ImageObject\",\"inLanguage\":\"eu\",\"@id\":\"https:\\\/\\\/secure.gravatar.com\\\/avatar\\\/a930fb91291ca47e9fbf441f5e9ba79f267dc0a7de6096054a6342ca3d636342?s=96&d=mm&r=g\",\"url\":\"https:\\\/\\\/secure.gravatar.com\\\/avatar\\\/a930fb91291ca47e9fbf441f5e9ba79f267dc0a7de6096054a6342ca3d636342?s=96&d=mm&r=g\",\"contentUrl\":\"https:\\\/\\\/secure.gravatar.com\\\/avatar\\\/a930fb91291ca47e9fbf441f5e9ba79f267dc0a7de6096054a6342ca3d636342?s=96&d=mm&r=g\",\"caption\":\"admin\"},\"sameAs\":[\"https:\\\/\\\/new.maratonmartinfiz.com\"],\"url\":\"https:\\\/\\\/www.maratonmartinfiz.com\\\/eus\\\/author\\\/ascentium_admin\\\/\"}]}<\/script>\n<!-- \/ Yoast SEO plugin. -->","yoast_head_json":{"title":"2.000 kirolari baino gehiago urdinez jantzi ziren 19a ospatzeko. Martin Fiz Maratoiaren edizioa - MARAT\u00d3N MART\u00cdN FIZ","robots":{"index":"index","follow":"follow","max-snippet":"max-snippet:-1","max-image-preview":"max-image-preview:large","max-video-preview":"max-video-preview:-1"},"canonical":"https:\/\/www.maratonmartinfiz.com\/eus\/eu\/2-000-kirolari-baino-gehiago-urdinez-jantzi-ziren-19a-ospatzeko-martin-fiz-maratoiaren-edizioa\/","og_locale":"en_US","og_type":"article","og_title":"2.000 kirolari baino gehiago urdinez jantzi ziren 19a ospatzeko. Martin Fiz Maratoiaren edizioa - MARAT\u00d3N MART\u00cdN FIZ","og_description":"Ander Barrio 2:35:24 denboran txapeldun aldarrikatzen da. Emakumezkoen kategorian Eneritz Iraolak irabazi zuen 3:19:55eko denborarekin.","og_url":"https:\/\/www.maratonmartinfiz.com\/eus\/eu\/2-000-kirolari-baino-gehiago-urdinez-jantzi-ziren-19a-ospatzeko-martin-fiz-maratoiaren-edizioa\/","og_site_name":"MARAT\u00d3N MART\u00cdN FIZ","article_published_time":"2022-10-25T09:43:59+00:00","article_modified_time":"2022-11-07T10:05:30+00:00","og_image":[{"width":2560,"height":1707,"url":"https:\/\/www.maratonmartinfiz.com\/wp-content\/uploads\/2022\/10\/Eneritz-Iraola-scaled.jpeg","type":"image\/jpeg"}],"author":"admin","twitter_card":"summary_large_image","twitter_misc":{"Written by":"admin","Est. reading time":"1 minutua"},"schema":{"@context":"https:\/\/schema.org","@graph":[{"@type":"Article","@id":"https:\/\/www.maratonmartinfiz.com\/eu\/2-000-kirolari-baino-gehiago-urdinez-jantzi-ziren-19a-ospatzeko-martin-fiz-maratoiaren-edizioa\/#article","isPartOf":{"@id":"https:\/\/www.maratonmartinfiz.com\/eu\/2-000-kirolari-baino-gehiago-urdinez-jantzi-ziren-19a-ospatzeko-martin-fiz-maratoiaren-edizioa\/"},"author":{"name":"admin","@id":"https:\/\/www.maratonmartinfiz.com\/#\/schema\/person\/359a5dad59c12f959ee473c07dda3d74"},"headline":"2.000 kirolari baino gehiago urdinez jantzi ziren 19a ospatzeko. Martin Fiz Maratoiaren edizioa","datePublished":"2022-10-25T09:43:59+00:00","dateModified":"2022-11-07T10:05:30+00:00","mainEntityOfPage":{"@id":"https:\/\/www.maratonmartinfiz.com\/eu\/2-000-kirolari-baino-gehiago-urdinez-jantzi-ziren-19a-ospatzeko-martin-fiz-maratoiaren-edizioa\/"},"wordCount":305,"publisher":{"@id":"https:\/\/www.maratonmartinfiz.com\/#organization"},"image":{"@id":"https:\/\/www.maratonmartinfiz.com\/eu\/2-000-kirolari-baino-gehiago-urdinez-jantzi-ziren-19a-ospatzeko-martin-fiz-maratoiaren-edizioa\/#primaryimage"},"thumbnailUrl":"https:\/\/www.maratonmartinfiz.com\/wp-content\/uploads\/2022\/10\/Eneritz-Iraola-scaled.jpeg","articleSection":["sailkatu gabe"],"inLanguage":"eu"},{"@type":"WebPage","@id":"https:\/\/www.maratonmartinfiz.com\/eu\/2-000-kirolari-baino-gehiago-urdinez-jantzi-ziren-19a-ospatzeko-martin-fiz-maratoiaren-edizioa\/","url":"https:\/\/www.maratonmartinfiz.com\/eu\/2-000-kirolari-baino-gehiago-urdinez-jantzi-ziren-19a-ospatzeko-martin-fiz-maratoiaren-edizioa\/","name":"2.000 kirolari baino gehiago urdinez jantzi ziren 19a ospatzeko. Martin Fiz Maratoiaren edizioa - MARAT\u00d3N MART\u00cdN FIZ","isPartOf":{"@id":"https:\/\/www.maratonmartinfiz.com\/#website"},"primaryImageOfPage":{"@id":"https:\/\/www.maratonmartinfiz.com\/eu\/2-000-kirolari-baino-gehiago-urdinez-jantzi-ziren-19a-ospatzeko-martin-fiz-maratoiaren-edizioa\/#primaryimage"},"image":{"@id":"https:\/\/www.maratonmartinfiz.com\/eu\/2-000-kirolari-baino-gehiago-urdinez-jantzi-ziren-19a-ospatzeko-martin-fiz-maratoiaren-edizioa\/#primaryimage"},"thumbnailUrl":"https:\/\/www.maratonmartinfiz.com\/wp-content\/uploads\/2022\/10\/Eneritz-Iraola-scaled.jpeg","datePublished":"2022-10-25T09:43:59+00:00","dateModified":"2022-11-07T10:05:30+00:00","breadcrumb":{"@id":"https:\/\/www.maratonmartinfiz.com\/eu\/2-000-kirolari-baino-gehiago-urdinez-jantzi-ziren-19a-ospatzeko-martin-fiz-maratoiaren-edizioa\/#breadcrumb"},"inLanguage":"eu","potentialAction":[{"@type":"ReadAction","target":["https:\/\/www.maratonmartinfiz.com\/eu\/2-000-kirolari-baino-gehiago-urdinez-jantzi-ziren-19a-ospatzeko-martin-fiz-maratoiaren-edizioa\/"]}]},{"@type":"ImageObject","inLanguage":"eu","@id":"https:\/\/www.maratonmartinfiz.com\/eu\/2-000-kirolari-baino-gehiago-urdinez-jantzi-ziren-19a-ospatzeko-martin-fiz-maratoiaren-edizioa\/#primaryimage","url":"https:\/\/www.maratonmartinfiz.com\/wp-content\/uploads\/2022\/10\/Eneritz-Iraola-scaled.jpeg","contentUrl":"https:\/\/www.maratonmartinfiz.com\/wp-content\/uploads\/2022\/10\/Eneritz-Iraola-scaled.jpeg","width":2560,"height":1707},{"@type":"BreadcrumbList","@id":"https:\/\/www.maratonmartinfiz.com\/eu\/2-000-kirolari-baino-gehiago-urdinez-jantzi-ziren-19a-ospatzeko-martin-fiz-maratoiaren-edizioa\/#breadcrumb","itemListElement":[{"@type":"ListItem","position":1,"name":"Portada","item":"https:\/\/www.maratonmartinfiz.com\/"},{"@type":"ListItem","position":2,"name":"2.000 kirolari baino gehiago urdinez jantzi ziren 19a ospatzeko. Martin Fiz Maratoiaren edizioa"}]},{"@type":"WebSite","@id":"https:\/\/www.maratonmartinfiz.com\/#website","url":"https:\/\/www.maratonmartinfiz.com\/","name":"MARAT\u00d3N MART\u00cdN FIZ","description":"Elproex Marat\u00f3n Mart\u00edn Fiz Vitoria-Gasteiz","publisher":{"@id":"https:\/\/www.maratonmartinfiz.com\/#organization"},"potentialAction":[{"@type":"SearchAction","target":{"@type":"EntryPoint","urlTemplate":"https:\/\/www.maratonmartinfiz.com\/?s={search_term_string}"},"query-input":{"@type":"PropertyValueSpecification","valueRequired":true,"valueName":"search_term_string"}}],"inLanguage":"eu"},{"@type":"Organization","@id":"https:\/\/www.maratonmartinfiz.com\/#organization","name":"MARAT\u00d3N MART\u00cdN FIZ","url":"https:\/\/www.maratonmartinfiz.com\/","logo":{"@type":"ImageObject","inLanguage":"eu","@id":"https:\/\/www.maratonmartinfiz.com\/#\/schema\/logo\/image\/","url":"https:\/\/www.maratonmartinfiz.com\/wp-content\/uploads\/2022\/10\/cropped-cropped-8.png","contentUrl":"https:\/\/www.maratonmartinfiz.com\/wp-content\/uploads\/2022\/10\/cropped-cropped-8.png","width":512,"height":276,"caption":"MARAT\u00d3N MART\u00cdN FIZ"},"image":{"@id":"https:\/\/www.maratonmartinfiz.com\/#\/schema\/logo\/image\/"}},{"@type":"Person","@id":"https:\/\/www.maratonmartinfiz.com\/#\/schema\/person\/359a5dad59c12f959ee473c07dda3d74","name":"admin","image":{"@type":"ImageObject","inLanguage":"eu","@id":"https:\/\/secure.gravatar.com\/avatar\/a930fb91291ca47e9fbf441f5e9ba79f267dc0a7de6096054a6342ca3d636342?s=96&d=mm&r=g","url":"https:\/\/secure.gravatar.com\/avatar\/a930fb91291ca47e9fbf441f5e9ba79f267dc0a7de6096054a6342ca3d636342?s=96&d=mm&r=g","contentUrl":"https:\/\/secure.gravatar.com\/avatar\/a930fb91291ca47e9fbf441f5e9ba79f267dc0a7de6096054a6342ca3d636342?s=96&d=mm&r=g","caption":"admin"},"sameAs":["https:\/\/new.maratonmartinfiz.com"],"url":"https:\/\/www.maratonmartinfiz.com\/eus\/author\/ascentium_admin\/"}]}},"_links":{"self":[{"href":"https:\/\/www.maratonmartinfiz.com\/eus\/wp-json\/wp\/v2\/posts\/954","targetHints":{"allow":["GET"]}}],"collection":[{"href":"https:\/\/www.maratonmartinfiz.com\/eus\/wp-json\/wp\/v2\/posts"}],"about":[{"href":"https:\/\/www.maratonmartinfiz.com\/eus\/wp-json\/wp\/v2\/types\/post"}],"author":[{"embeddable":true,"href":"https:\/\/www.maratonmartinfiz.com\/eus\/wp-json\/wp\/v2\/users\/1"}],"replies":[{"embeddable":true,"href":"https:\/\/www.maratonmartinfiz.com\/eus\/wp-json\/wp\/v2\/comments?post=954"}],"version-history":[{"count":8,"href":"https:\/\/www.maratonmartinfiz.com\/eus\/wp-json\/wp\/v2\/posts\/954\/revisions"}],"predecessor-version":[{"id":1004,"href":"https:\/\/www.maratonmartinfiz.com\/eus\/wp-json\/wp\/v2\/posts\/954\/revisions\/1004"}],"wp:featuredmedia":[{"embeddable":true,"href":"https:\/\/www.maratonmartinfiz.com\/eus\/wp-json\/wp\/v2\/media\/741"}],"wp:attachment":[{"href":"https:\/\/www.maratonmartinfiz.com\/eus\/wp-json\/wp\/v2\/media?parent=954"}],"wp:term":[{"taxonomy":"category","embeddable":true,"href":"https:\/\/www.maratonmartinfiz.com\/eus\/wp-json\/wp\/v2\/categories?post=954"},{"taxonomy":"post_tag","embeddable":true,"href":"https:\/\/www.maratonmartinfiz.com\/eus\/wp-json\/wp\/v2\/tags?post=954"}],"curies":[{"name":"wp","href":"https:\/\/api.w.org\/{rel}","templated":true}]}}