{"id":2281,"date":"2023-05-13T08:34:23","date_gmt":"2023-05-13T08:34:23","guid":{"rendered":"https:\/\/www.maratonmartinfiz.com\/?p=2281"},"modified":"2023-05-17T10:32:04","modified_gmt":"2023-05-17T10:32:04","slug":"los-grupos-municipales-ya-tienen-la-camiseta-oficial-de-la-xx-edicion-totalenergies-vitoria-gasteiz-maraton-martin-fiz-cloned-2244","status":"publish","type":"post","link":"https:\/\/www.maratonmartinfiz.com\/eus\/los-grupos-municipales-ya-tienen-la-camiseta-oficial-de-la-xx-edicion-totalenergies-vitoria-gasteiz-maraton-martin-fiz-cloned-2244\/","title":{"rendered":"TotalEnergies Vitoria-Gasteiz Marat\u00f3n Mart\u00edn Fiz cuelga el cartel de \u2018Sold Out\u2019\u00a0Los grupos municipales ya tienen la camiseta oficial de la XX edici\u00f3n TotalEnergies Vitoria-Gasteiz Marat\u00f3n Mart\u00edn Fiz"},"content":{"rendered":"<div data-elementor-type=\"wp-post\" data-elementor-id=\"2281\" class=\"elementor elementor-2281\" data-elementor-settings=\"{&quot;ha_cmc_init_switcher&quot;:&quot;no&quot;}\">\n\t\t\t\t\t\t<section class=\"elementor-section elementor-top-section elementor-element elementor-element-207d730 elementor-section-height-min-height elementor-section-boxed elementor-section-height-default elementor-section-items-middle\" data-id=\"207d730\" data-element_type=\"section\" data-settings=\"{&quot;background_background&quot;:&quot;classic&quot;,&quot;_ha_eqh_enable&quot;:false}\">\n\t\t\t\t\t\t\t<div class=\"elementor-background-overlay\"><\/div>\n\t\t\t\t\t\t\t<div class=\"elementor-container elementor-column-gap-extended\">\n\t\t\t\t\t<div class=\"elementor-column elementor-col-100 elementor-top-column elementor-element elementor-element-d0409af\" data-id=\"d0409af\" data-element_type=\"column\">\n\t\t\t<div class=\"elementor-widget-wrap elementor-element-populated\">\n\t\t\t\t\t\t<div class=\"elementor-element elementor-element-2ba190a elementor-widget elementor-widget-heading\" data-id=\"2ba190a\" data-element_type=\"widget\" data-widget_type=\"heading.default\">\n\t\t\t\t<div class=\"elementor-widget-container\">\n\t\t\t\t\t<h2 class=\"elementor-heading-title elementor-size-default\">TotalEnergies Vitoria-Gasteiz Marat\u00f3n Mart\u00edn Fiz cuelga el cartel de \u2018Sold Out\u2019 <\/h2>\t\t\t\t<\/div>\n\t\t\t\t<\/div>\n\t\t\t\t<div class=\"elementor-element elementor-element-de16d99 elementor-widget elementor-widget-heading\" data-id=\"de16d99\" data-element_type=\"widget\" data-widget_type=\"heading.default\">\n\t\t\t\t<div class=\"elementor-widget-container\">\n\t\t\t\t\t<h2 class=\"elementor-heading-title elementor-size-medium\">La prueba agota todos los dorsales disponibles y ser\u00e1n m\u00e1s de 3.000 participantes en las distancias de 42k, 21k, 10k y carrera txiki<\/h2>\t\t\t\t<\/div>\n\t\t\t\t<\/div>\n\t\t\t\t\t<\/div>\n\t\t<\/div>\n\t\t\t\t\t<\/div>\n\t\t<\/section>\n\t\t\t\t<section class=\"elementor-section elementor-top-section elementor-element elementor-element-94238c3 elementor-section-boxed elementor-section-height-default elementor-section-height-default\" data-id=\"94238c3\" data-element_type=\"section\" data-settings=\"{&quot;_ha_eqh_enable&quot;:false}\">\n\t\t\t\t\t\t<div class=\"elementor-container elementor-column-gap-default\">\n\t\t\t\t\t<div class=\"elementor-column elementor-col-100 elementor-top-column elementor-element elementor-element-a7ab102\" data-id=\"a7ab102\" data-element_type=\"column\">\n\t\t\t<div class=\"elementor-widget-wrap elementor-element-populated\">\n\t\t\t\t\t\t<div class=\"elementor-element elementor-element-1f13b6e elementor-widget__width-initial elementor-widget elementor-widget-text-editor\" data-id=\"1f13b6e\" data-element_type=\"widget\" data-widget_type=\"text-editor.default\">\n\t\t\t\t<div class=\"elementor-widget-container\">\n\t\t\t\t\t\t\t\t\t<div class=\"page\" title=\"Page 1\"><div class=\"layoutArea\"><div class=\"column\"><div class=\"page\" title=\"Page 1\"><div class=\"layoutArea\"><div class=\"column\"><div><p>La XX edici\u00f3n de TotalEnergies Vitoria-Gasteiz Marat\u00f3n Mart\u00edn Fiz, que se celebra este pr\u00f3ximo domingo 14 de mayo, cuelga el cartel de <i>sold out<\/i> con un notable \u00e9xito de participaci\u00f3n. M\u00e1s de 3.000 corredores populares se calzar\u00e1n las zapatillas para recorrer las calles m\u00e1s c\u00e9ntricas de la ciudad, en las tres modalidades de la prueba 10k, media marat\u00f3n (21k) y la prueba reina la marat\u00f3n (42k), a la que hay que sumar la carrera txiki que se diputar\u00e1 en el parque del Prado, lugar emblem\u00e1tico para los atletas populares en la capital alavesa.<\/p><\/div><div><p>La prueba supera, en este 20 aniversario, en casi 1.000 participantes los que tomaron la salida el a\u00f1o pasado desde el Paseo de Cervantes. Adem\u00e1s, este 2023 se refuerza su car\u00e1cter internacional, con la participaci\u00f3n de 71 atletas extranjeros, que llegan desde Tailandia, Estados Unidos, Corea del Sur, Dinamarca, Rep\u00fablica Checa, Angola y Argentina.<\/p><\/div><div><p>Por otro lado, la participaci\u00f3n femenina suma y sigue. As\u00ed, en el conjunto global de todas las modalidades alcanza un 28,58%, llegando al 43% en la distancia de 10k, un 21% en 21k y un 12% en la marat\u00f3n de 42k.<\/p><\/div><\/div><\/div><\/div><\/div><\/div><\/div>\t\t\t\t\t\t\t\t<\/div>\n\t\t\t\t<\/div>\n\t\t\t\t<div class=\"elementor-element elementor-element-c37510f elementor-widget__width-initial elementor-widget elementor-widget-image\" data-id=\"c37510f\" data-element_type=\"widget\" data-widget_type=\"image.default\">\n\t\t\t\t<div class=\"elementor-widget-container\">\n\t\t\t\t\t\t\t\t\t\t\t\t\t\t\t<img decoding=\"async\" src=\"https:\/\/www.maratonmartinfiz.com\/wp-content\/uploads\/2023\/05\/D512791-scaled.jpg\" title=\"\" alt=\"\" loading=\"lazy\" \/>\t\t\t\t\t\t\t\t\t\t\t\t\t\t\t<\/div>\n\t\t\t\t<\/div>\n\t\t\t\t\t<\/div>\n\t\t<\/div>\n\t\t\t\t\t<\/div>\n\t\t<\/section>\n\t\t\t\t<section class=\"elementor-section elementor-top-section elementor-element elementor-element-20d1911 elementor-section-boxed elementor-section-height-default elementor-section-height-default\" data-id=\"20d1911\" data-element_type=\"section\" data-settings=\"{&quot;_ha_eqh_enable&quot;:false}\">\n\t\t\t\t\t\t<div class=\"elementor-container elementor-column-gap-default\">\n\t\t\t\t\t<div class=\"elementor-column elementor-col-100 elementor-top-column elementor-element elementor-element-761a225\" data-id=\"761a225\" data-element_type=\"column\">\n\t\t\t<div class=\"elementor-widget-wrap elementor-element-populated\">\n\t\t\t\t\t\t<div class=\"elementor-element elementor-element-814b971 elementor-widget elementor-widget-text-editor\" data-id=\"814b971\" data-element_type=\"widget\" data-widget_type=\"text-editor.default\">\n\t\t\t\t<div class=\"elementor-widget-container\">\n\t\t\t\t\t\t\t\t\t<div title=\"Page 1\"><div class=\"page\" title=\"Page 1\"><div class=\"layoutArea\"><div class=\"column\"><h3 style=\"font-weight: 400;\"><strong>Nuevo recorrido<\/strong><\/h3><p style=\"font-weight: 400;\">A las 8:30h ser\u00e1 el pistoletazo de las 3 distancias; 10k, 21k y 42k con previsiones de lluvia y una temperatura que ira subiendo a medida que avance el d\u00eda para llegar hasta los 16 grados en las horas centrales. Se calcula que el primer corredor de los 10.000 metros cruzar\u00e1 la meta entorno a las 9:00h, mientras que en los 21k se estima que el vencedor aparecer\u00e1 por el paseo Cervantes a las 9:40h y el gran protagonista de la prueba reina, la marat\u00f3n, alcanzar\u00e1 la meta ante la expectaci\u00f3n del p\u00fablico congregado para la ocasi\u00f3n sobre las 10:55h de la ma\u00f1ana.<\/p><p style=\"font-weight: 400;\">Por otro lado, la entrega de trofeos se llevar\u00e1 a cabo a partir de la 13:00h en el parking de Mendizorrotza para todas las categor\u00edas, grupos de edad y club con m\u00e1s participantes.<\/p><p style=\"font-weight: 400;\">TotalEnergies Vitoria-Gasteiz Marat\u00f3n Mart\u00edn Fiz contin\u00faa dando pasos al frente en su apuesta para seguir siendo un gran evento, atractivo a nivel deportivo y festivo para los atletas, y poner a Vitoria-Gasteiz en el foco central del mundo running. Con motivo del XX aniversario, el evento forma parte del calendario nacional de pruebas de ruta. Esto facilitar\u00e1 a los atletas el poder certificar las marcas que se consigan a nivel mundial al estar el circuito homologado. Un circuito r\u00e1pido y llano, con apenas 35 metros de desnivel, que pasar\u00e1 por calles amplias, pocos giros y muchas rectas donde quien quiera podr\u00e1 exigirse al m\u00e1ximo para hacer marca<\/p><p style=\"font-weight: 400;\">Los recorridos para la TotalEnergies Marat\u00f3n Mart\u00edn Fiz se reinventan, con motivo del XX aniversario de la cita, acerc\u00e1ndose m\u00e1s al centro de la ciudad, para vibrar junto al p\u00fablico de esta gran cita del atletismo, y apuesta por pasar por todos algunos de los puntos m\u00e1s emblem\u00e1ticos de la capital alavesa. As\u00ed, la Virgen Blanca y la Avenida ser\u00e1n dos de los puntos neur\u00e1lgicos de la jornada deportiva.<\/p><p style=\"font-weight: 400;\">Los m\u00e1s txikis tambi\u00e9n tendr\u00e1n su particular marat\u00f3n por el parque del Prado, con salida entre las 12:00 y las 12:30h, referencia para todos los runners de la ciudad y donde realiza a diario sus entrenamientos Mart\u00edn Fiz. Cabe recordar que se dividir\u00e1n en cuatro categor\u00edas por edades (de 0 a 5 a\u00f1os, de 6 a 9, de 10 a 13 y de 14 a 16), y todo lo recaudado se donar\u00e1 en favor de la Asociaci\u00f3n de Padres y Madres de ni\u00f1os\/as con c\u00e1ncer de \u00c1lava (ASPANAFOA).<\/p><h3 style=\"font-weight: 400;\"><strong>Atletas favoritos y favoritas<\/strong><\/h3><p style=\"font-weight: 400;\">Los favoritos para cruzar la l\u00ednea de meta en primer lugar, y hacerse con el trofeo de campe\u00f3n, en una edici\u00f3n tan especial como este 20 aniversario TotalEnergies Vitoria-Gasteiz Marat\u00f3n Mart\u00edn Fiz en la prueba reina son Borja Abecia y Sergi Ariaca en hombres. Mientras en f\u00e9minas el favoritismo pasa por Mar\u00eda Mercedes Pila, campeona de Espa\u00f1a de 100k y el r\u00e9cord de la distancia en 2022, al parar el crono en 7 horas 55 minutos y 55 segundo, y Rebeca Su\u00e1rez, campeona de Marat\u00f3n de Catalu\u00f1a en este 2023. Adem\u00e1s, Abigail Garc\u00eda va a correr su marat\u00f3n n\u00famero 42 a sus 42 a\u00f1os.<\/p><p style=\"font-weight: 400;\">En el caso de la media distancia, 21k, el principal protagonista de la prueba se espera que sea Pablo Benito. Mientras que en los 10k se dar\u00e1n cita el director t\u00e9cnico y alma mater de la prueba que lleva su nombre, Mart\u00edn Fiz, junto al veterano Santiago Hitos, que ha participado en las 20 ediciones y la campeona de Espa\u00f1a Nieves Zarza.<\/p><p style=\"font-weight: 400;\">En cualquier caso, habr\u00e1 que esperar hasta este pr\u00f3ximo domingo para saber qui\u00e9nes son los y las primeras en cruzar la l\u00ednea de meta para hacerse con el galard\u00f3n de campe\u00f3n y campeona de esta XX edici\u00f3n de TotalEnergies Vitoria-Gasteiz Marat\u00f3n Mart\u00edn Fiz, y colgarse la medalla finisher al cuello.<\/p><\/div><\/div><\/div><\/div>\t\t\t\t\t\t\t\t<\/div>\n\t\t\t\t<\/div>\n\t\t\t\t\t<\/div>\n\t\t<\/div>\n\t\t\t\t\t<\/div>\n\t\t<\/section>\n\t\t\t\t<section class=\"elementor-section elementor-top-section elementor-element elementor-element-09c94c3 elementor-section-boxed elementor-section-height-default elementor-section-height-default\" data-id=\"09c94c3\" data-element_type=\"section\" data-settings=\"{&quot;_ha_eqh_enable&quot;:false}\">\n\t\t\t\t\t\t<div class=\"elementor-container elementor-column-gap-default\">\n\t\t\t\t\t<div class=\"elementor-column elementor-col-50 elementor-top-column elementor-element elementor-element-42a1f9e\" data-id=\"42a1f9e\" data-element_type=\"column\">\n\t\t\t<div class=\"elementor-widget-wrap elementor-element-populated\">\n\t\t\t\t\t\t<div class=\"elementor-element elementor-element-9378187 elementor-align-center elementor-mobile-align-center elementor-widget elementor-widget-button\" data-id=\"9378187\" data-element_type=\"widget\" data-widget_type=\"button.default\">\n\t\t\t\t<div class=\"elementor-widget-container\">\n\t\t\t\t\t\t\t\t\t<div class=\"elementor-button-wrapper\">\n\t\t\t\t\t<a class=\"elementor-button elementor-button-link elementor-size-sm\" href=\"https:\/\/www.dropbox.com\/sh\/qgplh2c4r1pq3f8\/AACuFPOi3CzqMGN62wdEjmjsa?dl=0\">\n\t\t\t\t\t\t<span class=\"elementor-button-content-wrapper\">\n\t\t\t\t\t\t\t\t\t<span class=\"elementor-button-text\">Galeria de im\u00e1genes<\/span>\n\t\t\t\t\t<\/span>\n\t\t\t\t\t<\/a>\n\t\t\t\t<\/div>\n\t\t\t\t\t\t\t\t<\/div>\n\t\t\t\t<\/div>\n\t\t\t\t\t<\/div>\n\t\t<\/div>\n\t\t\t\t<div class=\"elementor-column elementor-col-50 elementor-top-column elementor-element elementor-element-e8ca07c\" data-id=\"e8ca07c\" data-element_type=\"column\">\n\t\t\t<div class=\"elementor-widget-wrap elementor-element-populated\">\n\t\t\t\t\t\t<div class=\"elementor-element elementor-element-0e7cb36 elementor-align-center elementor-mobile-align-center elementor-widget elementor-widget-button\" data-id=\"0e7cb36\" data-element_type=\"widget\" data-widget_type=\"button.default\">\n\t\t\t\t<div class=\"elementor-widget-container\">\n\t\t\t\t\t\t\t\t\t<div class=\"elementor-button-wrapper\">\n\t\t\t\t\t<a class=\"elementor-button elementor-size-sm\" role=\"button\">\n\t\t\t\t\t\t<span class=\"elementor-button-content-wrapper\">\n\t\t\t\t\t\t\t\t\t<span class=\"elementor-button-text\">Contacto prensa: maria@ascentium.org<\/span>\n\t\t\t\t\t<\/span>\n\t\t\t\t\t<\/a>\n\t\t\t\t<\/div>\n\t\t\t\t\t\t\t\t<\/div>\n\t\t\t\t<\/div>\n\t\t\t\t\t<\/div>\n\t\t<\/div>\n\t\t\t\t\t<\/div>\n\t\t<\/section>\n\t\t\t\t<\/div>","protected":false},"excerpt":{"rendered":"<p>La prueba agota todos los dorsales disponibles y ser\u00e1n m\u00e1s de 3.000 participantes en las distancias de 42k, 21k, 10k y carrera txiki<\/p>","protected":false},"author":1,"featured_media":1206,"comment_status":"closed","ping_status":"closed","sticky":false,"template":"elementor_header_footer","format":"standard","meta":{"om_disable_all_campaigns":false,"_monsterinsights_skip_tracking":false,"_monsterinsights_sitenote_active":false,"_monsterinsights_sitenote_note":"","_monsterinsights_sitenote_category":0,"site-sidebar-layout":"default","site-content-layout":"","ast-site-content-layout":"","site-content-style":"default","site-sidebar-style":"default","ast-global-header-display":"","ast-banner-title-visibility":"","ast-main-header-display":"","ast-hfb-above-header-display":"","ast-hfb-below-header-display":"","ast-hfb-mobile-header-display":"","site-post-title":"","ast-breadcrumbs-content":"","ast-featured-img":"","footer-sml-layout":"","theme-transparent-header-meta":"","adv-header-id-meta":"","stick-header-meta":"","header-above-stick-meta":"","header-main-stick-meta":"","header-below-stick-meta":"","astra-migrate-meta-layouts":"default","ast-page-background-enabled":"default","ast-page-background-meta":{"desktop":{"background-color":"var(--ast-global-color-4)","background-image":"","background-repeat":"repeat","background-position":"center center","background-size":"auto","background-attachment":"scroll","background-type":"","background-media":"","overlay-type":"","overlay-color":"","overlay-opacity":"","overlay-gradient":""},"tablet":{"background-color":"","background-image":"","background-repeat":"repeat","background-position":"center center","background-size":"auto","background-attachment":"scroll","background-type":"","background-media":"","overlay-type":"","overlay-color":"","overlay-opacity":"","overlay-gradient":""},"mobile":{"background-color":"","background-image":"","background-repeat":"repeat","background-position":"center center","background-size":"auto","background-attachment":"scroll","background-type":"","background-media":"","overlay-type":"","overlay-color":"","overlay-opacity":"","overlay-gradient":""}},"ast-content-background-meta":{"desktop":{"background-color":"var(--ast-global-color-5)","background-image":"","background-repeat":"repeat","background-position":"center center","background-size":"auto","background-attachment":"scroll","background-type":"","background-media":"","overlay-type":"","overlay-color":"","overlay-opacity":"","overlay-gradient":""},"tablet":{"background-color":"var(--ast-global-color-5)","background-image":"","background-repeat":"repeat","background-position":"center center","background-size":"auto","background-attachment":"scroll","background-type":"","background-media":"","overlay-type":"","overlay-color":"","overlay-opacity":"","overlay-gradient":""},"mobile":{"background-color":"var(--ast-global-color-5)","background-image":"","background-repeat":"repeat","background-position":"center center","background-size":"auto","background-attachment":"scroll","background-type":"","background-media":"","overlay-type":"","overlay-color":"","overlay-opacity":"","overlay-gradient":""}},"footnotes":""},"categories":[1],"tags":[],"class_list":["post-2281","post","type-post","status-publish","format-standard","has-post-thumbnail","hentry","category-sin-categorizar"],"yoast_head":"<!-- This site is optimized with the Yoast SEO plugin v27.5 - https:\/\/yoast.com\/product\/yoast-seo-wordpress\/ -->\n<title>TotalEnergies Vitoria-Gasteiz Marat\u00f3n Mart\u00edn Fiz cuelga el cartel de \u2018Sold Out\u2019\u00a0Los grupos municipales ya tienen la camiseta oficial de la XX edici\u00f3n TotalEnergies Vitoria-Gasteiz Marat\u00f3n Mart\u00edn Fiz - MARAT\u00d3N MART\u00cdN FIZ<\/title>\n<meta name=\"description\" content=\"Todo lo que se recaude en la \u2018marat\u00f3n txiki\u2019, el mismo 14 de mayo de la prueba, se destinar\u00e1 a Aspanafoa\" \/>\n<meta name=\"robots\" content=\"index, follow, max-snippet:-1, max-image-preview:large, max-video-preview:-1\" \/>\n<link rel=\"canonical\" href=\"https:\/\/www.maratonmartinfiz.com\/eus\/los-grupos-municipales-ya-tienen-la-camiseta-oficial-de-la-xx-edicion-totalenergies-vitoria-gasteiz-maraton-martin-fiz-cloned-2244\/\" \/>\n<meta property=\"og:locale\" content=\"en_US\" \/>\n<meta property=\"og:type\" content=\"article\" \/>\n<meta property=\"og:title\" content=\"TotalEnergies Vitoria-Gasteiz Marat\u00f3n Mart\u00edn Fiz cuelga el cartel de \u2018Sold Out\u2019\u00a0Los grupos municipales ya tienen la camiseta oficial de la XX edici\u00f3n TotalEnergies Vitoria-Gasteiz Marat\u00f3n Mart\u00edn Fiz - MARAT\u00d3N MART\u00cdN FIZ\" \/>\n<meta property=\"og:description\" content=\"Todo lo que se recaude en la \u2018marat\u00f3n txiki\u2019, el mismo 14 de mayo de la prueba, se destinar\u00e1 a Aspanafoa\" \/>\n<meta property=\"og:url\" content=\"https:\/\/www.maratonmartinfiz.com\/eus\/los-grupos-municipales-ya-tienen-la-camiseta-oficial-de-la-xx-edicion-totalenergies-vitoria-gasteiz-maraton-martin-fiz-cloned-2244\/\" \/>\n<meta property=\"og:site_name\" content=\"MARAT\u00d3N MART\u00cdN FIZ\" \/>\n<meta property=\"article:published_time\" content=\"2023-05-13T08:34:23+00:00\" \/>\n<meta property=\"article:modified_time\" content=\"2023-05-17T10:32:04+00:00\" \/>\n<meta property=\"og:image\" content=\"https:\/\/www.maratonmartinfiz.com\/wp-content\/uploads\/2022\/11\/Maraton_martin_fiz_2022_3-scaled.jpg\" \/>\n\t<meta property=\"og:image:width\" content=\"2560\" \/>\n\t<meta property=\"og:image:height\" content=\"1707\" \/>\n\t<meta property=\"og:image:type\" content=\"image\/jpeg\" \/>\n<meta name=\"author\" content=\"admin\" \/>\n<meta name=\"twitter:card\" content=\"summary_large_image\" \/>\n<meta name=\"twitter:label1\" content=\"Written by\" \/>\n\t<meta name=\"twitter:data1\" content=\"admin\" \/>\n\t<meta name=\"twitter:label2\" content=\"Est. reading time\" \/>\n\t<meta name=\"twitter:data2\" content=\"4 minutua\" \/>\n<script type=\"application\/ld+json\" class=\"yoast-schema-graph\">{\"@context\":\"https:\\\/\\\/schema.org\",\"@graph\":[{\"@type\":\"Article\",\"@id\":\"https:\\\/\\\/www.maratonmartinfiz.com\\\/los-grupos-municipales-ya-tienen-la-camiseta-oficial-de-la-xx-edicion-totalenergies-vitoria-gasteiz-maraton-martin-fiz-cloned-2244\\\/#article\",\"isPartOf\":{\"@id\":\"https:\\\/\\\/www.maratonmartinfiz.com\\\/los-grupos-municipales-ya-tienen-la-camiseta-oficial-de-la-xx-edicion-totalenergies-vitoria-gasteiz-maraton-martin-fiz-cloned-2244\\\/\"},\"author\":{\"name\":\"admin\",\"@id\":\"https:\\\/\\\/www.maratonmartinfiz.com\\\/#\\\/schema\\\/person\\\/359a5dad59c12f959ee473c07dda3d74\"},\"headline\":\"TotalEnergies Vitoria-Gasteiz Marat\u00f3n Mart\u00edn Fiz cuelga el cartel de \u2018Sold Out\u2019\u00a0Los grupos municipales ya tienen la camiseta oficial de la XX edici\u00f3n TotalEnergies Vitoria-Gasteiz Marat\u00f3n Mart\u00edn Fiz\",\"datePublished\":\"2023-05-13T08:34:23+00:00\",\"dateModified\":\"2023-05-17T10:32:04+00:00\",\"mainEntityOfPage\":{\"@id\":\"https:\\\/\\\/www.maratonmartinfiz.com\\\/los-grupos-municipales-ya-tienen-la-camiseta-oficial-de-la-xx-edicion-totalenergies-vitoria-gasteiz-maraton-martin-fiz-cloned-2244\\\/\"},\"wordCount\":939,\"publisher\":{\"@id\":\"https:\\\/\\\/www.maratonmartinfiz.com\\\/#organization\"},\"image\":{\"@id\":\"https:\\\/\\\/www.maratonmartinfiz.com\\\/los-grupos-municipales-ya-tienen-la-camiseta-oficial-de-la-xx-edicion-totalenergies-vitoria-gasteiz-maraton-martin-fiz-cloned-2244\\\/#primaryimage\"},\"thumbnailUrl\":\"https:\\\/\\\/www.maratonmartinfiz.com\\\/wp-content\\\/uploads\\\/2022\\\/11\\\/Maraton_martin_fiz_2022_3-scaled-e1772538383440.jpg\",\"articleSection\":[\"Sin categorizar\"],\"inLanguage\":\"eu\"},{\"@type\":\"WebPage\",\"@id\":\"https:\\\/\\\/www.maratonmartinfiz.com\\\/los-grupos-municipales-ya-tienen-la-camiseta-oficial-de-la-xx-edicion-totalenergies-vitoria-gasteiz-maraton-martin-fiz-cloned-2244\\\/\",\"url\":\"https:\\\/\\\/www.maratonmartinfiz.com\\\/los-grupos-municipales-ya-tienen-la-camiseta-oficial-de-la-xx-edicion-totalenergies-vitoria-gasteiz-maraton-martin-fiz-cloned-2244\\\/\",\"name\":\"TotalEnergies Vitoria-Gasteiz Marat\u00f3n Mart\u00edn Fiz cuelga el cartel de \u2018Sold Out\u2019\u00a0Los grupos municipales ya tienen la camiseta oficial de la XX edici\u00f3n TotalEnergies Vitoria-Gasteiz Marat\u00f3n Mart\u00edn Fiz - MARAT\u00d3N MART\u00cdN FIZ\",\"isPartOf\":{\"@id\":\"https:\\\/\\\/www.maratonmartinfiz.com\\\/#website\"},\"primaryImageOfPage\":{\"@id\":\"https:\\\/\\\/www.maratonmartinfiz.com\\\/los-grupos-municipales-ya-tienen-la-camiseta-oficial-de-la-xx-edicion-totalenergies-vitoria-gasteiz-maraton-martin-fiz-cloned-2244\\\/#primaryimage\"},\"image\":{\"@id\":\"https:\\\/\\\/www.maratonmartinfiz.com\\\/los-grupos-municipales-ya-tienen-la-camiseta-oficial-de-la-xx-edicion-totalenergies-vitoria-gasteiz-maraton-martin-fiz-cloned-2244\\\/#primaryimage\"},\"thumbnailUrl\":\"https:\\\/\\\/www.maratonmartinfiz.com\\\/wp-content\\\/uploads\\\/2022\\\/11\\\/Maraton_martin_fiz_2022_3-scaled-e1772538383440.jpg\",\"datePublished\":\"2023-05-13T08:34:23+00:00\",\"dateModified\":\"2023-05-17T10:32:04+00:00\",\"description\":\"Todo lo que se recaude en la \u2018marat\u00f3n txiki\u2019, el mismo 14 de mayo de la prueba, se destinar\u00e1 a Aspanafoa\",\"breadcrumb\":{\"@id\":\"https:\\\/\\\/www.maratonmartinfiz.com\\\/los-grupos-municipales-ya-tienen-la-camiseta-oficial-de-la-xx-edicion-totalenergies-vitoria-gasteiz-maraton-martin-fiz-cloned-2244\\\/#breadcrumb\"},\"inLanguage\":\"eu\",\"potentialAction\":[{\"@type\":\"ReadAction\",\"target\":[\"https:\\\/\\\/www.maratonmartinfiz.com\\\/los-grupos-municipales-ya-tienen-la-camiseta-oficial-de-la-xx-edicion-totalenergies-vitoria-gasteiz-maraton-martin-fiz-cloned-2244\\\/\"]}]},{\"@type\":\"ImageObject\",\"inLanguage\":\"eu\",\"@id\":\"https:\\\/\\\/www.maratonmartinfiz.com\\\/los-grupos-municipales-ya-tienen-la-camiseta-oficial-de-la-xx-edicion-totalenergies-vitoria-gasteiz-maraton-martin-fiz-cloned-2244\\\/#primaryimage\",\"url\":\"https:\\\/\\\/www.maratonmartinfiz.com\\\/wp-content\\\/uploads\\\/2022\\\/11\\\/Maraton_martin_fiz_2022_3-scaled-e1772538383440.jpg\",\"contentUrl\":\"https:\\\/\\\/www.maratonmartinfiz.com\\\/wp-content\\\/uploads\\\/2022\\\/11\\\/Maraton_martin_fiz_2022_3-scaled-e1772538383440.jpg\",\"width\":2560,\"height\":1230},{\"@type\":\"BreadcrumbList\",\"@id\":\"https:\\\/\\\/www.maratonmartinfiz.com\\\/los-grupos-municipales-ya-tienen-la-camiseta-oficial-de-la-xx-edicion-totalenergies-vitoria-gasteiz-maraton-martin-fiz-cloned-2244\\\/#breadcrumb\",\"itemListElement\":[{\"@type\":\"ListItem\",\"position\":1,\"name\":\"Portada\",\"item\":\"https:\\\/\\\/www.maratonmartinfiz.com\\\/\"},{\"@type\":\"ListItem\",\"position\":2,\"name\":\"TotalEnergies Vitoria-Gasteiz Marat\u00f3n Mart\u00edn Fiz cuelga el cartel de \u2018Sold Out\u2019\u00a0Los grupos municipales ya tienen la camiseta oficial de la XX edici\u00f3n TotalEnergies Vitoria-Gasteiz Marat\u00f3n Mart\u00edn Fiz\"}]},{\"@type\":\"WebSite\",\"@id\":\"https:\\\/\\\/www.maratonmartinfiz.com\\\/#website\",\"url\":\"https:\\\/\\\/www.maratonmartinfiz.com\\\/\",\"name\":\"MARAT\u00d3N MART\u00cdN FIZ\",\"description\":\"Elproex Marat\u00f3n Mart\u00edn Fiz Vitoria-Gasteiz\",\"publisher\":{\"@id\":\"https:\\\/\\\/www.maratonmartinfiz.com\\\/#organization\"},\"potentialAction\":[{\"@type\":\"SearchAction\",\"target\":{\"@type\":\"EntryPoint\",\"urlTemplate\":\"https:\\\/\\\/www.maratonmartinfiz.com\\\/?s={search_term_string}\"},\"query-input\":{\"@type\":\"PropertyValueSpecification\",\"valueRequired\":true,\"valueName\":\"search_term_string\"}}],\"inLanguage\":\"eu\"},{\"@type\":\"Organization\",\"@id\":\"https:\\\/\\\/www.maratonmartinfiz.com\\\/#organization\",\"name\":\"MARAT\u00d3N MART\u00cdN FIZ\",\"url\":\"https:\\\/\\\/www.maratonmartinfiz.com\\\/\",\"logo\":{\"@type\":\"ImageObject\",\"inLanguage\":\"eu\",\"@id\":\"https:\\\/\\\/www.maratonmartinfiz.com\\\/#\\\/schema\\\/logo\\\/image\\\/\",\"url\":\"https:\\\/\\\/www.maratonmartinfiz.com\\\/wp-content\\\/uploads\\\/2022\\\/10\\\/cropped-cropped-8.png\",\"contentUrl\":\"https:\\\/\\\/www.maratonmartinfiz.com\\\/wp-content\\\/uploads\\\/2022\\\/10\\\/cropped-cropped-8.png\",\"width\":512,\"height\":276,\"caption\":\"MARAT\u00d3N MART\u00cdN FIZ\"},\"image\":{\"@id\":\"https:\\\/\\\/www.maratonmartinfiz.com\\\/#\\\/schema\\\/logo\\\/image\\\/\"}},{\"@type\":\"Person\",\"@id\":\"https:\\\/\\\/www.maratonmartinfiz.com\\\/#\\\/schema\\\/person\\\/359a5dad59c12f959ee473c07dda3d74\",\"name\":\"admin\",\"image\":{\"@type\":\"ImageObject\",\"inLanguage\":\"eu\",\"@id\":\"https:\\\/\\\/secure.gravatar.com\\\/avatar\\\/a930fb91291ca47e9fbf441f5e9ba79f267dc0a7de6096054a6342ca3d636342?s=96&d=mm&r=g\",\"url\":\"https:\\\/\\\/secure.gravatar.com\\\/avatar\\\/a930fb91291ca47e9fbf441f5e9ba79f267dc0a7de6096054a6342ca3d636342?s=96&d=mm&r=g\",\"contentUrl\":\"https:\\\/\\\/secure.gravatar.com\\\/avatar\\\/a930fb91291ca47e9fbf441f5e9ba79f267dc0a7de6096054a6342ca3d636342?s=96&d=mm&r=g\",\"caption\":\"admin\"},\"sameAs\":[\"https:\\\/\\\/new.maratonmartinfiz.com\"],\"url\":\"https:\\\/\\\/www.maratonmartinfiz.com\\\/eus\\\/author\\\/ascentium_admin\\\/\"}]}<\/script>\n<!-- \/ Yoast SEO plugin. -->","yoast_head_json":{"title":"TotalEnergies Vitoria-Gasteiz Marat\u00f3n Mart\u00edn Fiz cuelga el cartel de \u2018Sold Out\u2019\u00a0Los grupos municipales ya tienen la camiseta oficial de la XX edici\u00f3n TotalEnergies Vitoria-Gasteiz Marat\u00f3n Mart\u00edn Fiz - MARAT\u00d3N MART\u00cdN FIZ","description":"Todo lo que se recaude en la \u2018marat\u00f3n txiki\u2019, el mismo 14 de mayo de la prueba, se destinar\u00e1 a Aspanafoa","robots":{"index":"index","follow":"follow","max-snippet":"max-snippet:-1","max-image-preview":"max-image-preview:large","max-video-preview":"max-video-preview:-1"},"canonical":"https:\/\/www.maratonmartinfiz.com\/eus\/los-grupos-municipales-ya-tienen-la-camiseta-oficial-de-la-xx-edicion-totalenergies-vitoria-gasteiz-maraton-martin-fiz-cloned-2244\/","og_locale":"en_US","og_type":"article","og_title":"TotalEnergies Vitoria-Gasteiz Marat\u00f3n Mart\u00edn Fiz cuelga el cartel de \u2018Sold Out\u2019\u00a0Los grupos municipales ya tienen la camiseta oficial de la XX edici\u00f3n TotalEnergies Vitoria-Gasteiz Marat\u00f3n Mart\u00edn Fiz - MARAT\u00d3N MART\u00cdN FIZ","og_description":"Todo lo que se recaude en la \u2018marat\u00f3n txiki\u2019, el mismo 14 de mayo de la prueba, se destinar\u00e1 a Aspanafoa","og_url":"https:\/\/www.maratonmartinfiz.com\/eus\/los-grupos-municipales-ya-tienen-la-camiseta-oficial-de-la-xx-edicion-totalenergies-vitoria-gasteiz-maraton-martin-fiz-cloned-2244\/","og_site_name":"MARAT\u00d3N MART\u00cdN FIZ","article_published_time":"2023-05-13T08:34:23+00:00","article_modified_time":"2023-05-17T10:32:04+00:00","og_image":[{"width":2560,"height":1707,"url":"https:\/\/www.maratonmartinfiz.com\/wp-content\/uploads\/2022\/11\/Maraton_martin_fiz_2022_3-scaled.jpg","type":"image\/jpeg"}],"author":"admin","twitter_card":"summary_large_image","twitter_misc":{"Written by":"admin","Est. reading time":"4 minutua"},"schema":{"@context":"https:\/\/schema.org","@graph":[{"@type":"Article","@id":"https:\/\/www.maratonmartinfiz.com\/los-grupos-municipales-ya-tienen-la-camiseta-oficial-de-la-xx-edicion-totalenergies-vitoria-gasteiz-maraton-martin-fiz-cloned-2244\/#article","isPartOf":{"@id":"https:\/\/www.maratonmartinfiz.com\/los-grupos-municipales-ya-tienen-la-camiseta-oficial-de-la-xx-edicion-totalenergies-vitoria-gasteiz-maraton-martin-fiz-cloned-2244\/"},"author":{"name":"admin","@id":"https:\/\/www.maratonmartinfiz.com\/#\/schema\/person\/359a5dad59c12f959ee473c07dda3d74"},"headline":"TotalEnergies Vitoria-Gasteiz Marat\u00f3n Mart\u00edn Fiz cuelga el cartel de \u2018Sold Out\u2019\u00a0Los grupos municipales ya tienen la camiseta oficial de la XX edici\u00f3n TotalEnergies Vitoria-Gasteiz Marat\u00f3n Mart\u00edn Fiz","datePublished":"2023-05-13T08:34:23+00:00","dateModified":"2023-05-17T10:32:04+00:00","mainEntityOfPage":{"@id":"https:\/\/www.maratonmartinfiz.com\/los-grupos-municipales-ya-tienen-la-camiseta-oficial-de-la-xx-edicion-totalenergies-vitoria-gasteiz-maraton-martin-fiz-cloned-2244\/"},"wordCount":939,"publisher":{"@id":"https:\/\/www.maratonmartinfiz.com\/#organization"},"image":{"@id":"https:\/\/www.maratonmartinfiz.com\/los-grupos-municipales-ya-tienen-la-camiseta-oficial-de-la-xx-edicion-totalenergies-vitoria-gasteiz-maraton-martin-fiz-cloned-2244\/#primaryimage"},"thumbnailUrl":"https:\/\/www.maratonmartinfiz.com\/wp-content\/uploads\/2022\/11\/Maraton_martin_fiz_2022_3-scaled-e1772538383440.jpg","articleSection":["Sin categorizar"],"inLanguage":"eu"},{"@type":"WebPage","@id":"https:\/\/www.maratonmartinfiz.com\/los-grupos-municipales-ya-tienen-la-camiseta-oficial-de-la-xx-edicion-totalenergies-vitoria-gasteiz-maraton-martin-fiz-cloned-2244\/","url":"https:\/\/www.maratonmartinfiz.com\/los-grupos-municipales-ya-tienen-la-camiseta-oficial-de-la-xx-edicion-totalenergies-vitoria-gasteiz-maraton-martin-fiz-cloned-2244\/","name":"TotalEnergies Vitoria-Gasteiz Marat\u00f3n Mart\u00edn Fiz cuelga el cartel de \u2018Sold Out\u2019\u00a0Los grupos municipales ya tienen la camiseta oficial de la XX edici\u00f3n TotalEnergies Vitoria-Gasteiz Marat\u00f3n Mart\u00edn Fiz - MARAT\u00d3N MART\u00cdN FIZ","isPartOf":{"@id":"https:\/\/www.maratonmartinfiz.com\/#website"},"primaryImageOfPage":{"@id":"https:\/\/www.maratonmartinfiz.com\/los-grupos-municipales-ya-tienen-la-camiseta-oficial-de-la-xx-edicion-totalenergies-vitoria-gasteiz-maraton-martin-fiz-cloned-2244\/#primaryimage"},"image":{"@id":"https:\/\/www.maratonmartinfiz.com\/los-grupos-municipales-ya-tienen-la-camiseta-oficial-de-la-xx-edicion-totalenergies-vitoria-gasteiz-maraton-martin-fiz-cloned-2244\/#primaryimage"},"thumbnailUrl":"https:\/\/www.maratonmartinfiz.com\/wp-content\/uploads\/2022\/11\/Maraton_martin_fiz_2022_3-scaled-e1772538383440.jpg","datePublished":"2023-05-13T08:34:23+00:00","dateModified":"2023-05-17T10:32:04+00:00","description":"Todo lo que se recaude en la \u2018marat\u00f3n txiki\u2019, el mismo 14 de mayo de la prueba, se destinar\u00e1 a Aspanafoa","breadcrumb":{"@id":"https:\/\/www.maratonmartinfiz.com\/los-grupos-municipales-ya-tienen-la-camiseta-oficial-de-la-xx-edicion-totalenergies-vitoria-gasteiz-maraton-martin-fiz-cloned-2244\/#breadcrumb"},"inLanguage":"eu","potentialAction":[{"@type":"ReadAction","target":["https:\/\/www.maratonmartinfiz.com\/los-grupos-municipales-ya-tienen-la-camiseta-oficial-de-la-xx-edicion-totalenergies-vitoria-gasteiz-maraton-martin-fiz-cloned-2244\/"]}]},{"@type":"ImageObject","inLanguage":"eu","@id":"https:\/\/www.maratonmartinfiz.com\/los-grupos-municipales-ya-tienen-la-camiseta-oficial-de-la-xx-edicion-totalenergies-vitoria-gasteiz-maraton-martin-fiz-cloned-2244\/#primaryimage","url":"https:\/\/www.maratonmartinfiz.com\/wp-content\/uploads\/2022\/11\/Maraton_martin_fiz_2022_3-scaled-e1772538383440.jpg","contentUrl":"https:\/\/www.maratonmartinfiz.com\/wp-content\/uploads\/2022\/11\/Maraton_martin_fiz_2022_3-scaled-e1772538383440.jpg","width":2560,"height":1230},{"@type":"BreadcrumbList","@id":"https:\/\/www.maratonmartinfiz.com\/los-grupos-municipales-ya-tienen-la-camiseta-oficial-de-la-xx-edicion-totalenergies-vitoria-gasteiz-maraton-martin-fiz-cloned-2244\/#breadcrumb","itemListElement":[{"@type":"ListItem","position":1,"name":"Portada","item":"https:\/\/www.maratonmartinfiz.com\/"},{"@type":"ListItem","position":2,"name":"TotalEnergies Vitoria-Gasteiz Marat\u00f3n Mart\u00edn Fiz cuelga el cartel de \u2018Sold Out\u2019\u00a0Los grupos municipales ya tienen la camiseta oficial de la XX edici\u00f3n TotalEnergies Vitoria-Gasteiz Marat\u00f3n Mart\u00edn Fiz"}]},{"@type":"WebSite","@id":"https:\/\/www.maratonmartinfiz.com\/#website","url":"https:\/\/www.maratonmartinfiz.com\/","name":"MARAT\u00d3N MART\u00cdN FIZ","description":"Elproex Marat\u00f3n Mart\u00edn Fiz Vitoria-Gasteiz","publisher":{"@id":"https:\/\/www.maratonmartinfiz.com\/#organization"},"potentialAction":[{"@type":"SearchAction","target":{"@type":"EntryPoint","urlTemplate":"https:\/\/www.maratonmartinfiz.com\/?s={search_term_string}"},"query-input":{"@type":"PropertyValueSpecification","valueRequired":true,"valueName":"search_term_string"}}],"inLanguage":"eu"},{"@type":"Organization","@id":"https:\/\/www.maratonmartinfiz.com\/#organization","name":"MARAT\u00d3N MART\u00cdN FIZ","url":"https:\/\/www.maratonmartinfiz.com\/","logo":{"@type":"ImageObject","inLanguage":"eu","@id":"https:\/\/www.maratonmartinfiz.com\/#\/schema\/logo\/image\/","url":"https:\/\/www.maratonmartinfiz.com\/wp-content\/uploads\/2022\/10\/cropped-cropped-8.png","contentUrl":"https:\/\/www.maratonmartinfiz.com\/wp-content\/uploads\/2022\/10\/cropped-cropped-8.png","width":512,"height":276,"caption":"MARAT\u00d3N MART\u00cdN FIZ"},"image":{"@id":"https:\/\/www.maratonmartinfiz.com\/#\/schema\/logo\/image\/"}},{"@type":"Person","@id":"https:\/\/www.maratonmartinfiz.com\/#\/schema\/person\/359a5dad59c12f959ee473c07dda3d74","name":"admin","image":{"@type":"ImageObject","inLanguage":"eu","@id":"https:\/\/secure.gravatar.com\/avatar\/a930fb91291ca47e9fbf441f5e9ba79f267dc0a7de6096054a6342ca3d636342?s=96&d=mm&r=g","url":"https:\/\/secure.gravatar.com\/avatar\/a930fb91291ca47e9fbf441f5e9ba79f267dc0a7de6096054a6342ca3d636342?s=96&d=mm&r=g","contentUrl":"https:\/\/secure.gravatar.com\/avatar\/a930fb91291ca47e9fbf441f5e9ba79f267dc0a7de6096054a6342ca3d636342?s=96&d=mm&r=g","caption":"admin"},"sameAs":["https:\/\/new.maratonmartinfiz.com"],"url":"https:\/\/www.maratonmartinfiz.com\/eus\/author\/ascentium_admin\/"}]}},"_links":{"self":[{"href":"https:\/\/www.maratonmartinfiz.com\/eus\/wp-json\/wp\/v2\/posts\/2281","targetHints":{"allow":["GET"]}}],"collection":[{"href":"https:\/\/www.maratonmartinfiz.com\/eus\/wp-json\/wp\/v2\/posts"}],"about":[{"href":"https:\/\/www.maratonmartinfiz.com\/eus\/wp-json\/wp\/v2\/types\/post"}],"author":[{"embeddable":true,"href":"https:\/\/www.maratonmartinfiz.com\/eus\/wp-json\/wp\/v2\/users\/1"}],"replies":[{"embeddable":true,"href":"https:\/\/www.maratonmartinfiz.com\/eus\/wp-json\/wp\/v2\/comments?post=2281"}],"version-history":[{"count":5,"href":"https:\/\/www.maratonmartinfiz.com\/eus\/wp-json\/wp\/v2\/posts\/2281\/revisions"}],"predecessor-version":[{"id":2422,"href":"https:\/\/www.maratonmartinfiz.com\/eus\/wp-json\/wp\/v2\/posts\/2281\/revisions\/2422"}],"wp:featuredmedia":[{"embeddable":true,"href":"https:\/\/www.maratonmartinfiz.com\/eus\/wp-json\/wp\/v2\/media\/1206"}],"wp:attachment":[{"href":"https:\/\/www.maratonmartinfiz.com\/eus\/wp-json\/wp\/v2\/media?parent=2281"}],"wp:term":[{"taxonomy":"category","embeddable":true,"href":"https:\/\/www.maratonmartinfiz.com\/eus\/wp-json\/wp\/v2\/categories?post=2281"},{"taxonomy":"post_tag","embeddable":true,"href":"https:\/\/www.maratonmartinfiz.com\/eus\/wp-json\/wp\/v2\/tags?post=2281"}],"curies":[{"name":"wp","href":"https:\/\/api.w.org\/{rel}","templated":true}]}}