{"id":3211,"date":"2024-10-16T11:26:47","date_gmt":"2024-10-16T11:26:47","guid":{"rendered":"https:\/\/www.maratonmartinfiz.com\/?p=3211"},"modified":"2025-01-23T10:46:56","modified_gmt":"2025-01-23T10:46:56","slug":"inscripciones-para-totalenergies-vitoria-maraton-martin-fiz-2025","status":"publish","type":"post","link":"https:\/\/www.maratonmartinfiz.com\/en\/inscripciones-para-totalenergies-vitoria-maraton-martin-fiz-2025\/","title":{"rendered":"Abiertas las inscripciones para TotalEnergies Vitoria-Gasteiz Marat\u00f3n Mart\u00edn Fiz 2025"},"content":{"rendered":"<div data-elementor-type=\"wp-post\" data-elementor-id=\"3211\" class=\"elementor elementor-3211\" data-elementor-settings=\"{&quot;ha_cmc_init_switcher&quot;:&quot;no&quot;}\">\n\t\t\t\t\t\t<section class=\"elementor-section elementor-top-section elementor-element elementor-element-207d730 elementor-section-height-min-height elementor-section-boxed elementor-section-height-default elementor-section-items-middle\" data-id=\"207d730\" data-element_type=\"section\" data-settings=\"{&quot;background_background&quot;:&quot;slideshow&quot;,&quot;background_slideshow_gallery&quot;:[],&quot;background_slideshow_loop&quot;:&quot;yes&quot;,&quot;background_slideshow_slide_duration&quot;:5000,&quot;background_slideshow_slide_transition&quot;:&quot;fade&quot;,&quot;background_slideshow_transition_duration&quot;:500,&quot;_ha_eqh_enable&quot;:false}\">\n\t\t\t\t\t\t\t<div class=\"elementor-background-overlay\"><\/div>\n\t\t\t\t\t\t\t<div class=\"elementor-container elementor-column-gap-extended\">\n\t\t\t\t\t<div class=\"elementor-column elementor-col-100 elementor-top-column elementor-element elementor-element-d0409af\" data-id=\"d0409af\" data-element_type=\"column\">\n\t\t\t<div class=\"elementor-widget-wrap elementor-element-populated\">\n\t\t\t\t\t\t<div class=\"elementor-element elementor-element-2ba190a elementor-widget elementor-widget-heading\" data-id=\"2ba190a\" data-element_type=\"widget\" data-widget_type=\"heading.default\">\n\t\t\t\t<div class=\"elementor-widget-container\">\n\t\t\t\t\t<h2 class=\"elementor-heading-title elementor-size-default\">Abiertas las inscripciones para TotalEnergies Vitoria-Gasteiz Marat\u00f3n Mart\u00edn Fiz<\/h2>\t\t\t\t<\/div>\n\t\t\t\t<\/div>\n\t\t\t\t\t<\/div>\n\t\t<\/div>\n\t\t\t\t\t<\/div>\n\t\t<\/section>\n\t\t\t\t<section class=\"elementor-section elementor-top-section elementor-element elementor-element-754f2dc elementor-section-boxed elementor-section-height-default elementor-section-height-default\" data-id=\"754f2dc\" data-element_type=\"section\" data-settings=\"{&quot;_ha_eqh_enable&quot;:false}\">\n\t\t\t\t\t\t<div class=\"elementor-container elementor-column-gap-default\">\n\t\t\t\t\t<div class=\"elementor-column elementor-col-100 elementor-top-column elementor-element elementor-element-6eeade1\" data-id=\"6eeade1\" data-element_type=\"column\">\n\t\t\t<div class=\"elementor-widget-wrap elementor-element-populated\">\n\t\t\t\t\t\t<div class=\"elementor-element elementor-element-d5e9119 elementor-widget elementor-widget-text-editor\" data-id=\"d5e9119\" data-element_type=\"widget\" data-widget_type=\"text-editor.default\">\n\t\t\t\t<div class=\"elementor-widget-container\">\n\t\t\t\t\t\t\t\t\t<p><em><strong>La carrera ser\u00e1 el 11 de mayo y las inscripciones son limitadas.<\/strong><\/em><\/p>\t\t\t\t\t\t\t\t<\/div>\n\t\t\t\t<\/div>\n\t\t\t\t\t<\/div>\n\t\t<\/div>\n\t\t\t\t\t<\/div>\n\t\t<\/section>\n\t\t\t\t<section class=\"elementor-section elementor-top-section elementor-element elementor-element-20d1911 elementor-section-boxed elementor-section-height-default elementor-section-height-default\" data-id=\"20d1911\" data-element_type=\"section\" data-settings=\"{&quot;_ha_eqh_enable&quot;:false}\">\n\t\t\t\t\t\t<div class=\"elementor-container elementor-column-gap-default\">\n\t\t\t\t\t<div class=\"elementor-column elementor-col-100 elementor-top-column elementor-element elementor-element-761a225\" data-id=\"761a225\" data-element_type=\"column\">\n\t\t\t<div class=\"elementor-widget-wrap elementor-element-populated\">\n\t\t\t\t\t\t<div class=\"elementor-element elementor-element-814b971 elementor-widget elementor-widget-text-editor\" data-id=\"814b971\" data-element_type=\"widget\" data-widget_type=\"text-editor.default\">\n\t\t\t\t<div class=\"elementor-widget-container\">\n\t\t\t\t\t\t\t\t\t<p class=\"MsoNormal\" style=\"line-height: 150%;\"><b><span style=\"font-size: 10.0pt; line-height: 150%; font-family: 'Verdana',sans-serif; mso-fareast-font-family: 'Times New Roman'; mso-bidi-font-family: Arial; color: black; mso-themecolor: text1; mso-fareast-language: ES-TRAD;\">Vitoria-Gasteiz, 16 de octubre de 2024.\u00a0<\/span><\/b><\/p><p>TotalEnergies Vitoria-Gasteiz Marat\u00f3n Mart\u00edn Fiz celebrar\u00e1 este a\u00f1o su 22\u00aa edici\u00f3n. El domingo 11 de mayo, Vitoria-Gasteiz acoger\u00e1 a miles de corredoras y corredores que buscar\u00e1n cruzar la l\u00ednea de meta en una jornada que ser\u00e1 toda una fiesta del running. Esta emblem\u00e1tica prueba lleva el nombre del campe\u00f3n del mundo de marat\u00f3n, Mart\u00edn Fiz.Como cada a\u00f1o, <strong>Ascentium<\/strong>, especialistas en eventos deportivos, estar\u00e1 a cargo de la organizaci\u00f3n del evento. La empresa vitoriana lleva 22 a\u00f1os organizando el marat\u00f3n con la misma ilusi\u00f3n y energ\u00eda que en la primera edici\u00f3n. Este a\u00f1o promete ser especial, con varias novedades que se iran desvelando en los pr\u00f3ximos meses.<\/p><p>Mart\u00edn Fiz, campe\u00f3n del mundo de marat\u00f3n, da nombre a la prueba y es el director t\u00e9cnico de la misma:<\/p><blockquote><p>\u201cDespu\u00e9s de 22 ediciones, seguimos aprendiendo y mejorando. Nuestro objetivo es incrementar la participaci\u00f3n, consolidar el turismo deportivo en Vitoria-Gasteiz y fomentar el deporte como estilo de vida saludable. Esto no ser\u00eda posible sin el apoyo de los participantes, patrocinadores y colaboradores, a quienes estamos profundamente agradecidos\u201d.<\/p><\/blockquote><h4>Distancias para todos los niveles<\/h4><p>Esta edici\u00f3n ofrece las cl\u00e1sicas tres distancias adaptadas tanto para los apasionados del running como para quienes deseen iniciarse en esta modalidad deportiva. Las opciones son:<\/p><ul><li><strong>Carrera popular (10K):<\/strong> La distancia m\u00e1s accesible.<\/li><li><strong>Media marat\u00f3n (21K):<\/strong> Un desaf\u00edo intermedio para corredores experimentados.<\/li><li><strong>Marat\u00f3n (42K):<\/strong> La distancia reina, ideal para quienes buscan superar sus propios l\u00edmites.<\/li><\/ul><p>Adem\u00e1s, la prueba cuenta con el <strong>Marat\u00f3n Txiki (1K)<\/strong>, una carrera dirigida a los m\u00e1s peque\u00f1os, quienes podr\u00e1n participar acompa\u00f1ados de sus familias, fomentando as\u00ed la actividad f\u00edsica en un ambiente familiar y divertido.<\/p><hr \/><h3>Inscripciones<\/h3><p>Las inscripciones ya est\u00e1n abiertas para las tres distancias principales. Este a\u00f1o, el reglamento establece precios escalonados:<\/p><ul><li><strong>Hasta el 31 de diciembre de 2024:<\/strong> Precio reducido.<\/li><li><strong>Del 1 de enero al 28 de febrero de 2025:<\/strong> Segundo tramo.<\/li><li><strong>A partir del 1 de marzo de 2025:<\/strong> Precio est\u00e1ndar, sujeto a disponibilidad de dorsales.<\/li><\/ul><p>Descuentos disponibles para grupos y clubes:<\/p><ul><li>5% de descuento para grupos de 5 a 9 participantes.<\/li><li>7% de descuento para grupos de 10 a 14 participantes.<\/li><li>10% de descuento para grupos de 15 o m\u00e1s participantes.<\/li><\/ul><p>Todas las inscripciones incluyen:<\/p><ul><li>Dorsal con chip.<\/li><li>Camiseta oficial del evento.<\/li><li>Avituallamientos en recorrido y meta.<\/li><li>Seguro de accidentes.<\/li><li>Medalla de finisher (para las distancias 10K, 21K y 42K).<\/li><li>Diploma oficial en formato digital.<\/li><li>Regalo exclusivo para los participantes del marat\u00f3n.<\/li><\/ul><hr \/><h3>Trofeos y reconocimientos<\/h3><p>La organizaci\u00f3n premia el esfuerzo y la dedicaci\u00f3n de sus participantes. Los trofeos se entregar\u00e1n de acuerdo con el siguiente esquema:<\/p><ul><li><strong>Trofeos generales:<\/strong> Para los tres primeros clasificados (masculino y femenino) de cada distancia.<\/li><\/ul><hr \/><p>Con todas estas novedades, el <strong>TotalEnergies Vitoria-Gasteiz Marat\u00f3n Mart\u00edn Fiz 2025<\/strong> promete ser una experiencia inolvidable. \u00a1No te quedes fuera y asegura tu dorsal hoy mismo!<\/p>\t\t\t\t\t\t\t\t<\/div>\n\t\t\t\t<\/div>\n\t\t\t\t<section class=\"elementor-section elementor-inner-section elementor-element elementor-element-7796224 elementor-section-boxed elementor-section-height-default elementor-section-height-default\" data-id=\"7796224\" data-element_type=\"section\" data-settings=\"{&quot;_ha_eqh_enable&quot;:false}\">\n\t\t\t\t\t\t<div class=\"elementor-container elementor-column-gap-default\">\n\t\t\t\t\t<div class=\"elementor-column elementor-col-100 elementor-inner-column elementor-element elementor-element-14da698\" data-id=\"14da698\" data-element_type=\"column\">\n\t\t\t<div class=\"elementor-widget-wrap elementor-element-populated\">\n\t\t\t\t\t\t<div class=\"elementor-element elementor-element-63415a1 elementor-align-center elementor-mobile-align-center elementor-widget elementor-widget-button\" data-id=\"63415a1\" data-element_type=\"widget\" data-widget_type=\"button.default\">\n\t\t\t\t<div class=\"elementor-widget-container\">\n\t\t\t\t\t\t\t\t\t<div class=\"elementor-button-wrapper\">\n\t\t\t\t\t<a class=\"elementor-button elementor-button-link elementor-size-sm\" href=\"https:\/\/eventos.ascentium.org\/eventos\/69\/totalenergies-vitoria-gasteiz-maraton-martin-fiz-2025\/#tab_evento\">\n\t\t\t\t\t\t<span class=\"elementor-button-content-wrapper\">\n\t\t\t\t\t\t\t\t\t<span class=\"elementor-button-text\">REGISTRATION<\/span>\n\t\t\t\t\t<\/span>\n\t\t\t\t\t<\/a>\n\t\t\t\t<\/div>\n\t\t\t\t\t\t\t\t<\/div>\n\t\t\t\t<\/div>\n\t\t\t\t\t<\/div>\n\t\t<\/div>\n\t\t\t\t\t<\/div>\n\t\t<\/section>\n\t\t\t\t\t<\/div>\n\t\t<\/div>\n\t\t\t\t\t<\/div>\n\t\t<\/section>\n\t\t\t\t<\/div>","protected":false},"excerpt":{"rendered":"<p>Abiertas las inscripciones para TotalEnergies Vitoria-Gasteiz Marat\u00f3n Mart\u00edn Fiz La carrera ser\u00e1 el 11 de mayo y las inscripciones son limitadas. Vitoria-Gasteiz, 16 de octubre de 2024.\u00a0 TotalEnergies Vitoria-Gasteiz Marat\u00f3n Mart\u00edn Fiz celebrar\u00e1 este a\u00f1o su 22\u00aa edici\u00f3n. El domingo 11 de mayo, Vitoria-Gasteiz acoger\u00e1 a miles de corredoras y corredores que buscar\u00e1n cruzar la [&hellip;]<\/p>","protected":false},"author":1,"featured_media":2107,"comment_status":"closed","ping_status":"closed","sticky":false,"template":"elementor_header_footer","format":"standard","meta":{"om_disable_all_campaigns":false,"_monsterinsights_skip_tracking":false,"_monsterinsights_sitenote_active":false,"_monsterinsights_sitenote_note":"","_monsterinsights_sitenote_category":0,"site-sidebar-layout":"default","site-content-layout":"default","ast-site-content-layout":"","site-content-style":"default","site-sidebar-style":"default","ast-global-header-display":"","ast-banner-title-visibility":"","ast-main-header-display":"","ast-hfb-above-header-display":"","ast-hfb-below-header-display":"","ast-hfb-mobile-header-display":"","site-post-title":"","ast-breadcrumbs-content":"","ast-featured-img":"","footer-sml-layout":"","theme-transparent-header-meta":"","adv-header-id-meta":"","stick-header-meta":"","header-above-stick-meta":"","header-main-stick-meta":"","header-below-stick-meta":"","astra-migrate-meta-layouts":"default","ast-page-background-enabled":"default","ast-page-background-meta":{"desktop":{"background-color":"var(--ast-global-color-4)","background-image":"","background-repeat":"repeat","background-position":"center center","background-size":"auto","background-attachment":"scroll","background-type":"","background-media":"","overlay-type":"","overlay-color":"","overlay-opacity":"","overlay-gradient":""},"tablet":{"background-color":"","background-image":"","background-repeat":"repeat","background-position":"center center","background-size":"auto","background-attachment":"scroll","background-type":"","background-media":"","overlay-type":"","overlay-color":"","overlay-opacity":"","overlay-gradient":""},"mobile":{"background-color":"","background-image":"","background-repeat":"repeat","background-position":"center center","background-size":"auto","background-attachment":"scroll","background-type":"","background-media":"","overlay-type":"","overlay-color":"","overlay-opacity":"","overlay-gradient":""}},"ast-content-background-meta":{"desktop":{"background-color":"var(--ast-global-color-5)","background-image":"","background-repeat":"repeat","background-position":"center center","background-size":"auto","background-attachment":"scroll","background-type":"","background-media":"","overlay-type":"","overlay-color":"","overlay-opacity":"","overlay-gradient":""},"tablet":{"background-color":"var(--ast-global-color-5)","background-image":"","background-repeat":"repeat","background-position":"center center","background-size":"auto","background-attachment":"scroll","background-type":"","background-media":"","overlay-type":"","overlay-color":"","overlay-opacity":"","overlay-gradient":""},"mobile":{"background-color":"var(--ast-global-color-5)","background-image":"","background-repeat":"repeat","background-position":"center center","background-size":"auto","background-attachment":"scroll","background-type":"","background-media":"","overlay-type":"","overlay-color":"","overlay-opacity":"","overlay-gradient":""}},"footnotes":""},"categories":[1],"tags":[19,17,18,20],"class_list":["post-3211","post","type-post","status-publish","format-standard","has-post-thumbnail","hentry","category-sin-categorizar","tag-carrera","tag-maraton","tag-running","tag-vitoria"],"yoast_head":"<!-- This site is optimized with the Yoast SEO plugin v27.5 - https:\/\/yoast.com\/product\/yoast-seo-wordpress\/ -->\n<title>Abiertas las inscripciones para TotalEnergies Vitoria-Gasteiz Marat\u00f3n Mart\u00edn Fiz 2025 - MARAT\u00d3N MART\u00cdN FIZ<\/title>\n<meta name=\"description\" content=\"El domingo 11 de mayo, miles de participantes buscar\u00e1n cruzar la meta en una jornada que ser\u00e1 toda una fiesta del running.\" \/>\n<meta name=\"robots\" content=\"index, follow, max-snippet:-1, max-image-preview:large, max-video-preview:-1\" \/>\n<link rel=\"canonical\" href=\"https:\/\/www.maratonmartinfiz.com\/en\/inscripciones-para-totalenergies-vitoria-maraton-martin-fiz-2025\/\" \/>\n<meta property=\"og:locale\" content=\"en_GB\" \/>\n<meta property=\"og:type\" content=\"article\" \/>\n<meta property=\"og:title\" content=\"Abiertas las inscripciones para TotalEnergies Vitoria-Gasteiz Marat\u00f3n Mart\u00edn Fiz 2025 - MARAT\u00d3N MART\u00cdN FIZ\" \/>\n<meta property=\"og:description\" content=\"El domingo 11 de mayo, miles de participantes buscar\u00e1n cruzar la meta en una jornada que ser\u00e1 toda una fiesta del running.\" \/>\n<meta property=\"og:url\" content=\"https:\/\/www.maratonmartinfiz.com\/en\/inscripciones-para-totalenergies-vitoria-maraton-martin-fiz-2025\/\" \/>\n<meta property=\"og:site_name\" content=\"MARAT\u00d3N MART\u00cdN FIZ\" \/>\n<meta property=\"article:published_time\" content=\"2024-10-16T11:26:47+00:00\" \/>\n<meta property=\"article:modified_time\" content=\"2025-01-23T10:46:56+00:00\" \/>\n<meta property=\"og:image\" content=\"https:\/\/www.maratonmartinfiz.com\/wp-content\/uploads\/2023\/04\/D510794-scaled.jpg\" \/>\n\t<meta property=\"og:image:width\" content=\"2560\" \/>\n\t<meta property=\"og:image:height\" content=\"1707\" \/>\n\t<meta property=\"og:image:type\" content=\"image\/jpeg\" \/>\n<meta name=\"author\" content=\"admin\" \/>\n<meta name=\"twitter:card\" content=\"summary_large_image\" \/>\n<meta name=\"twitter:label1\" content=\"Written by\" \/>\n\t<meta name=\"twitter:data1\" content=\"admin\" \/>\n\t<meta name=\"twitter:label2\" content=\"Estimated reading time\" \/>\n\t<meta name=\"twitter:data2\" content=\"3 minutes\" \/>\n<script type=\"application\/ld+json\" class=\"yoast-schema-graph\">{\"@context\":\"https:\\\/\\\/schema.org\",\"@graph\":[{\"@type\":\"Article\",\"@id\":\"https:\\\/\\\/www.maratonmartinfiz.com\\\/inscripciones-para-totalenergies-vitoria-maraton-martin-fiz-2025\\\/#article\",\"isPartOf\":{\"@id\":\"https:\\\/\\\/www.maratonmartinfiz.com\\\/inscripciones-para-totalenergies-vitoria-maraton-martin-fiz-2025\\\/\"},\"author\":{\"name\":\"admin\",\"@id\":\"https:\\\/\\\/www.maratonmartinfiz.com\\\/#\\\/schema\\\/person\\\/359a5dad59c12f959ee473c07dda3d74\"},\"headline\":\"Abiertas las inscripciones para TotalEnergies Vitoria-Gasteiz Marat\u00f3n Mart\u00edn Fiz 2025\",\"datePublished\":\"2024-10-16T11:26:47+00:00\",\"dateModified\":\"2025-01-23T10:46:56+00:00\",\"mainEntityOfPage\":{\"@id\":\"https:\\\/\\\/www.maratonmartinfiz.com\\\/inscripciones-para-totalenergies-vitoria-maraton-martin-fiz-2025\\\/\"},\"wordCount\":530,\"publisher\":{\"@id\":\"https:\\\/\\\/www.maratonmartinfiz.com\\\/#organization\"},\"image\":{\"@id\":\"https:\\\/\\\/www.maratonmartinfiz.com\\\/inscripciones-para-totalenergies-vitoria-maraton-martin-fiz-2025\\\/#primaryimage\"},\"thumbnailUrl\":\"https:\\\/\\\/www.maratonmartinfiz.com\\\/wp-content\\\/uploads\\\/2023\\\/04\\\/D510794-scaled.jpg\",\"keywords\":[\"carrera\",\"marat\u00f3n\",\"running\",\"vitoria\"],\"articleSection\":[\"Sin categorizar\"],\"inLanguage\":\"en-GB\"},{\"@type\":\"WebPage\",\"@id\":\"https:\\\/\\\/www.maratonmartinfiz.com\\\/inscripciones-para-totalenergies-vitoria-maraton-martin-fiz-2025\\\/\",\"url\":\"https:\\\/\\\/www.maratonmartinfiz.com\\\/inscripciones-para-totalenergies-vitoria-maraton-martin-fiz-2025\\\/\",\"name\":\"Abiertas las inscripciones para TotalEnergies Vitoria-Gasteiz Marat\u00f3n Mart\u00edn Fiz 2025 - MARAT\u00d3N MART\u00cdN FIZ\",\"isPartOf\":{\"@id\":\"https:\\\/\\\/www.maratonmartinfiz.com\\\/#website\"},\"primaryImageOfPage\":{\"@id\":\"https:\\\/\\\/www.maratonmartinfiz.com\\\/inscripciones-para-totalenergies-vitoria-maraton-martin-fiz-2025\\\/#primaryimage\"},\"image\":{\"@id\":\"https:\\\/\\\/www.maratonmartinfiz.com\\\/inscripciones-para-totalenergies-vitoria-maraton-martin-fiz-2025\\\/#primaryimage\"},\"thumbnailUrl\":\"https:\\\/\\\/www.maratonmartinfiz.com\\\/wp-content\\\/uploads\\\/2023\\\/04\\\/D510794-scaled.jpg\",\"datePublished\":\"2024-10-16T11:26:47+00:00\",\"dateModified\":\"2025-01-23T10:46:56+00:00\",\"description\":\"El domingo 11 de mayo, miles de participantes buscar\u00e1n cruzar la meta en una jornada que ser\u00e1 toda una fiesta del running.\",\"breadcrumb\":{\"@id\":\"https:\\\/\\\/www.maratonmartinfiz.com\\\/inscripciones-para-totalenergies-vitoria-maraton-martin-fiz-2025\\\/#breadcrumb\"},\"inLanguage\":\"en-GB\",\"potentialAction\":[{\"@type\":\"ReadAction\",\"target\":[\"https:\\\/\\\/www.maratonmartinfiz.com\\\/inscripciones-para-totalenergies-vitoria-maraton-martin-fiz-2025\\\/\"]}]},{\"@type\":\"ImageObject\",\"inLanguage\":\"en-GB\",\"@id\":\"https:\\\/\\\/www.maratonmartinfiz.com\\\/inscripciones-para-totalenergies-vitoria-maraton-martin-fiz-2025\\\/#primaryimage\",\"url\":\"https:\\\/\\\/www.maratonmartinfiz.com\\\/wp-content\\\/uploads\\\/2023\\\/04\\\/D510794-scaled.jpg\",\"contentUrl\":\"https:\\\/\\\/www.maratonmartinfiz.com\\\/wp-content\\\/uploads\\\/2023\\\/04\\\/D510794-scaled.jpg\",\"width\":2560,\"height\":1707},{\"@type\":\"BreadcrumbList\",\"@id\":\"https:\\\/\\\/www.maratonmartinfiz.com\\\/inscripciones-para-totalenergies-vitoria-maraton-martin-fiz-2025\\\/#breadcrumb\",\"itemListElement\":[{\"@type\":\"ListItem\",\"position\":1,\"name\":\"Portada\",\"item\":\"https:\\\/\\\/www.maratonmartinfiz.com\\\/\"},{\"@type\":\"ListItem\",\"position\":2,\"name\":\"Abiertas las inscripciones para TotalEnergies Vitoria-Gasteiz Marat\u00f3n Mart\u00edn Fiz 2025\"}]},{\"@type\":\"WebSite\",\"@id\":\"https:\\\/\\\/www.maratonmartinfiz.com\\\/#website\",\"url\":\"https:\\\/\\\/www.maratonmartinfiz.com\\\/\",\"name\":\"MARAT\u00d3N MART\u00cdN FIZ\",\"description\":\"Elproex Marat\u00f3n Mart\u00edn Fiz Vitoria-Gasteiz\",\"publisher\":{\"@id\":\"https:\\\/\\\/www.maratonmartinfiz.com\\\/#organization\"},\"potentialAction\":[{\"@type\":\"SearchAction\",\"target\":{\"@type\":\"EntryPoint\",\"urlTemplate\":\"https:\\\/\\\/www.maratonmartinfiz.com\\\/?s={search_term_string}\"},\"query-input\":{\"@type\":\"PropertyValueSpecification\",\"valueRequired\":true,\"valueName\":\"search_term_string\"}}],\"inLanguage\":\"en-GB\"},{\"@type\":\"Organization\",\"@id\":\"https:\\\/\\\/www.maratonmartinfiz.com\\\/#organization\",\"name\":\"MARAT\u00d3N MART\u00cdN FIZ\",\"url\":\"https:\\\/\\\/www.maratonmartinfiz.com\\\/\",\"logo\":{\"@type\":\"ImageObject\",\"inLanguage\":\"en-GB\",\"@id\":\"https:\\\/\\\/www.maratonmartinfiz.com\\\/#\\\/schema\\\/logo\\\/image\\\/\",\"url\":\"https:\\\/\\\/www.maratonmartinfiz.com\\\/wp-content\\\/uploads\\\/2022\\\/10\\\/cropped-cropped-8.png\",\"contentUrl\":\"https:\\\/\\\/www.maratonmartinfiz.com\\\/wp-content\\\/uploads\\\/2022\\\/10\\\/cropped-cropped-8.png\",\"width\":512,\"height\":276,\"caption\":\"MARAT\u00d3N MART\u00cdN FIZ\"},\"image\":{\"@id\":\"https:\\\/\\\/www.maratonmartinfiz.com\\\/#\\\/schema\\\/logo\\\/image\\\/\"}},{\"@type\":\"Person\",\"@id\":\"https:\\\/\\\/www.maratonmartinfiz.com\\\/#\\\/schema\\\/person\\\/359a5dad59c12f959ee473c07dda3d74\",\"name\":\"admin\",\"image\":{\"@type\":\"ImageObject\",\"inLanguage\":\"en-GB\",\"@id\":\"https:\\\/\\\/secure.gravatar.com\\\/avatar\\\/a930fb91291ca47e9fbf441f5e9ba79f267dc0a7de6096054a6342ca3d636342?s=96&d=mm&r=g\",\"url\":\"https:\\\/\\\/secure.gravatar.com\\\/avatar\\\/a930fb91291ca47e9fbf441f5e9ba79f267dc0a7de6096054a6342ca3d636342?s=96&d=mm&r=g\",\"contentUrl\":\"https:\\\/\\\/secure.gravatar.com\\\/avatar\\\/a930fb91291ca47e9fbf441f5e9ba79f267dc0a7de6096054a6342ca3d636342?s=96&d=mm&r=g\",\"caption\":\"admin\"},\"sameAs\":[\"https:\\\/\\\/new.maratonmartinfiz.com\"],\"url\":\"https:\\\/\\\/www.maratonmartinfiz.com\\\/en\\\/author\\\/ascentium_admin\\\/\"}]}<\/script>\n<!-- \/ Yoast SEO plugin. -->","yoast_head_json":{"title":"Abiertas las inscripciones para TotalEnergies Vitoria-Gasteiz Marat\u00f3n Mart\u00edn Fiz 2025 - MARAT\u00d3N MART\u00cdN FIZ","description":"El domingo 11 de mayo, miles de participantes buscar\u00e1n cruzar la meta en una jornada que ser\u00e1 toda una fiesta del running.","robots":{"index":"index","follow":"follow","max-snippet":"max-snippet:-1","max-image-preview":"max-image-preview:large","max-video-preview":"max-video-preview:-1"},"canonical":"https:\/\/www.maratonmartinfiz.com\/en\/inscripciones-para-totalenergies-vitoria-maraton-martin-fiz-2025\/","og_locale":"en_GB","og_type":"article","og_title":"Abiertas las inscripciones para TotalEnergies Vitoria-Gasteiz Marat\u00f3n Mart\u00edn Fiz 2025 - MARAT\u00d3N MART\u00cdN FIZ","og_description":"El domingo 11 de mayo, miles de participantes buscar\u00e1n cruzar la meta en una jornada que ser\u00e1 toda una fiesta del running.","og_url":"https:\/\/www.maratonmartinfiz.com\/en\/inscripciones-para-totalenergies-vitoria-maraton-martin-fiz-2025\/","og_site_name":"MARAT\u00d3N MART\u00cdN FIZ","article_published_time":"2024-10-16T11:26:47+00:00","article_modified_time":"2025-01-23T10:46:56+00:00","og_image":[{"width":2560,"height":1707,"url":"https:\/\/www.maratonmartinfiz.com\/wp-content\/uploads\/2023\/04\/D510794-scaled.jpg","type":"image\/jpeg"}],"author":"admin","twitter_card":"summary_large_image","twitter_misc":{"Written by":"admin","Estimated reading time":"3 minutes"},"schema":{"@context":"https:\/\/schema.org","@graph":[{"@type":"Article","@id":"https:\/\/www.maratonmartinfiz.com\/inscripciones-para-totalenergies-vitoria-maraton-martin-fiz-2025\/#article","isPartOf":{"@id":"https:\/\/www.maratonmartinfiz.com\/inscripciones-para-totalenergies-vitoria-maraton-martin-fiz-2025\/"},"author":{"name":"admin","@id":"https:\/\/www.maratonmartinfiz.com\/#\/schema\/person\/359a5dad59c12f959ee473c07dda3d74"},"headline":"Abiertas las inscripciones para TotalEnergies Vitoria-Gasteiz Marat\u00f3n Mart\u00edn Fiz 2025","datePublished":"2024-10-16T11:26:47+00:00","dateModified":"2025-01-23T10:46:56+00:00","mainEntityOfPage":{"@id":"https:\/\/www.maratonmartinfiz.com\/inscripciones-para-totalenergies-vitoria-maraton-martin-fiz-2025\/"},"wordCount":530,"publisher":{"@id":"https:\/\/www.maratonmartinfiz.com\/#organization"},"image":{"@id":"https:\/\/www.maratonmartinfiz.com\/inscripciones-para-totalenergies-vitoria-maraton-martin-fiz-2025\/#primaryimage"},"thumbnailUrl":"https:\/\/www.maratonmartinfiz.com\/wp-content\/uploads\/2023\/04\/D510794-scaled.jpg","keywords":["carrera","marat\u00f3n","running","vitoria"],"articleSection":["Sin categorizar"],"inLanguage":"en-GB"},{"@type":"WebPage","@id":"https:\/\/www.maratonmartinfiz.com\/inscripciones-para-totalenergies-vitoria-maraton-martin-fiz-2025\/","url":"https:\/\/www.maratonmartinfiz.com\/inscripciones-para-totalenergies-vitoria-maraton-martin-fiz-2025\/","name":"Abiertas las inscripciones para TotalEnergies Vitoria-Gasteiz Marat\u00f3n Mart\u00edn Fiz 2025 - MARAT\u00d3N MART\u00cdN FIZ","isPartOf":{"@id":"https:\/\/www.maratonmartinfiz.com\/#website"},"primaryImageOfPage":{"@id":"https:\/\/www.maratonmartinfiz.com\/inscripciones-para-totalenergies-vitoria-maraton-martin-fiz-2025\/#primaryimage"},"image":{"@id":"https:\/\/www.maratonmartinfiz.com\/inscripciones-para-totalenergies-vitoria-maraton-martin-fiz-2025\/#primaryimage"},"thumbnailUrl":"https:\/\/www.maratonmartinfiz.com\/wp-content\/uploads\/2023\/04\/D510794-scaled.jpg","datePublished":"2024-10-16T11:26:47+00:00","dateModified":"2025-01-23T10:46:56+00:00","description":"El domingo 11 de mayo, miles de participantes buscar\u00e1n cruzar la meta en una jornada que ser\u00e1 toda una fiesta del running.","breadcrumb":{"@id":"https:\/\/www.maratonmartinfiz.com\/inscripciones-para-totalenergies-vitoria-maraton-martin-fiz-2025\/#breadcrumb"},"inLanguage":"en-GB","potentialAction":[{"@type":"ReadAction","target":["https:\/\/www.maratonmartinfiz.com\/inscripciones-para-totalenergies-vitoria-maraton-martin-fiz-2025\/"]}]},{"@type":"ImageObject","inLanguage":"en-GB","@id":"https:\/\/www.maratonmartinfiz.com\/inscripciones-para-totalenergies-vitoria-maraton-martin-fiz-2025\/#primaryimage","url":"https:\/\/www.maratonmartinfiz.com\/wp-content\/uploads\/2023\/04\/D510794-scaled.jpg","contentUrl":"https:\/\/www.maratonmartinfiz.com\/wp-content\/uploads\/2023\/04\/D510794-scaled.jpg","width":2560,"height":1707},{"@type":"BreadcrumbList","@id":"https:\/\/www.maratonmartinfiz.com\/inscripciones-para-totalenergies-vitoria-maraton-martin-fiz-2025\/#breadcrumb","itemListElement":[{"@type":"ListItem","position":1,"name":"Portada","item":"https:\/\/www.maratonmartinfiz.com\/"},{"@type":"ListItem","position":2,"name":"Abiertas las inscripciones para TotalEnergies Vitoria-Gasteiz Marat\u00f3n Mart\u00edn Fiz 2025"}]},{"@type":"WebSite","@id":"https:\/\/www.maratonmartinfiz.com\/#website","url":"https:\/\/www.maratonmartinfiz.com\/","name":"MARAT\u00d3N MART\u00cdN FIZ","description":"Elproex Marat\u00f3n Mart\u00edn Fiz Vitoria-Gasteiz","publisher":{"@id":"https:\/\/www.maratonmartinfiz.com\/#organization"},"potentialAction":[{"@type":"SearchAction","target":{"@type":"EntryPoint","urlTemplate":"https:\/\/www.maratonmartinfiz.com\/?s={search_term_string}"},"query-input":{"@type":"PropertyValueSpecification","valueRequired":true,"valueName":"search_term_string"}}],"inLanguage":"en-GB"},{"@type":"Organization","@id":"https:\/\/www.maratonmartinfiz.com\/#organization","name":"MARAT\u00d3N MART\u00cdN FIZ","url":"https:\/\/www.maratonmartinfiz.com\/","logo":{"@type":"ImageObject","inLanguage":"en-GB","@id":"https:\/\/www.maratonmartinfiz.com\/#\/schema\/logo\/image\/","url":"https:\/\/www.maratonmartinfiz.com\/wp-content\/uploads\/2022\/10\/cropped-cropped-8.png","contentUrl":"https:\/\/www.maratonmartinfiz.com\/wp-content\/uploads\/2022\/10\/cropped-cropped-8.png","width":512,"height":276,"caption":"MARAT\u00d3N MART\u00cdN FIZ"},"image":{"@id":"https:\/\/www.maratonmartinfiz.com\/#\/schema\/logo\/image\/"}},{"@type":"Person","@id":"https:\/\/www.maratonmartinfiz.com\/#\/schema\/person\/359a5dad59c12f959ee473c07dda3d74","name":"admin","image":{"@type":"ImageObject","inLanguage":"en-GB","@id":"https:\/\/secure.gravatar.com\/avatar\/a930fb91291ca47e9fbf441f5e9ba79f267dc0a7de6096054a6342ca3d636342?s=96&d=mm&r=g","url":"https:\/\/secure.gravatar.com\/avatar\/a930fb91291ca47e9fbf441f5e9ba79f267dc0a7de6096054a6342ca3d636342?s=96&d=mm&r=g","contentUrl":"https:\/\/secure.gravatar.com\/avatar\/a930fb91291ca47e9fbf441f5e9ba79f267dc0a7de6096054a6342ca3d636342?s=96&d=mm&r=g","caption":"admin"},"sameAs":["https:\/\/new.maratonmartinfiz.com"],"url":"https:\/\/www.maratonmartinfiz.com\/en\/author\/ascentium_admin\/"}]}},"_links":{"self":[{"href":"https:\/\/www.maratonmartinfiz.com\/en\/wp-json\/wp\/v2\/posts\/3211","targetHints":{"allow":["GET"]}}],"collection":[{"href":"https:\/\/www.maratonmartinfiz.com\/en\/wp-json\/wp\/v2\/posts"}],"about":[{"href":"https:\/\/www.maratonmartinfiz.com\/en\/wp-json\/wp\/v2\/types\/post"}],"author":[{"embeddable":true,"href":"https:\/\/www.maratonmartinfiz.com\/en\/wp-json\/wp\/v2\/users\/1"}],"replies":[{"embeddable":true,"href":"https:\/\/www.maratonmartinfiz.com\/en\/wp-json\/wp\/v2\/comments?post=3211"}],"version-history":[{"count":16,"href":"https:\/\/www.maratonmartinfiz.com\/en\/wp-json\/wp\/v2\/posts\/3211\/revisions"}],"predecessor-version":[{"id":3275,"href":"https:\/\/www.maratonmartinfiz.com\/en\/wp-json\/wp\/v2\/posts\/3211\/revisions\/3275"}],"wp:featuredmedia":[{"embeddable":true,"href":"https:\/\/www.maratonmartinfiz.com\/en\/wp-json\/wp\/v2\/media\/2107"}],"wp:attachment":[{"href":"https:\/\/www.maratonmartinfiz.com\/en\/wp-json\/wp\/v2\/media?parent=3211"}],"wp:term":[{"taxonomy":"category","embeddable":true,"href":"https:\/\/www.maratonmartinfiz.com\/en\/wp-json\/wp\/v2\/categories?post=3211"},{"taxonomy":"post_tag","embeddable":true,"href":"https:\/\/www.maratonmartinfiz.com\/en\/wp-json\/wp\/v2\/tags?post=3211"}],"curies":[{"name":"wp","href":"https:\/\/api.w.org\/{rel}","templated":true}]}}